{"id":161329,"date":"2014-08-31T15:00:00","date_gmt":"2014-08-31T15:00:00","guid":{"rendered":"https:\/\/mirandalovestravelling.com\/?p=161329"},"modified":"2019-03-04T18:44:16","modified_gmt":"2019-03-04T18:44:16","slug":"a-sibenik","status":"publish","type":"post","link":"https:\/\/mirandalovestravelling.com\/es\/a-sibenik\/","title":{"rendered":"A Sibenik"},"content":{"rendered":"<p>[ Julio, 2014 ]\u00a0De<a href=\"https:\/\/mirandalovestravelling.com\/location\/croatia\/zadar\/\"> Zadar<\/a> en Croacia, fuimos hacia el sur a un pueblo llamado<a href=\"https:\/\/mirandalovestravelling.com\/location\/croatia\/sibenik\/\"> Sibenik <\/a>en autob\u00fas.<br \/>\nTom\u00f3 un poco m\u00e1s de una hora.<br \/>\nEsta ciudad fue fundada por croatas no como otras<strong> ciudades d\u00e1lmatas<\/strong> que griegos o romanos construyeron.<br \/>\nPensando en ello, la ciudad parec\u00eda un poco diferente.<br \/>\nZadar ten\u00eda<a href=\"https:\/\/mirandalovestravelling.com\/croatia-zadar\/\"> una atm\u00f3sfera italiana,<\/a> pero Sibenik me record\u00f3 a una ciudad interior de C\u00f3rcega llamada Corte.<br \/>\nSin embargo, esta ciudad tambi\u00e9n fue ocupada por la Rep\u00fablica de Venecia, Austria y el Reino de Italia como otras ciudades d\u00e1lmatas.<br \/>\nDurante la reciente guerra de 1990, sufrieron mucho.<br \/>\nPero ahora parec\u00eda estar recuper\u00e1ndose muy bien como <strong>un destino tur\u00edstico.<\/strong><\/p>\n<p>Por cierto, la estaci\u00f3n de autobuses en Zadar estaba bastante lejos del casco antiguo.<br \/>\nLlegamos all\u00ed al final despu\u00e9s de preguntar el camino a varias personas, pero caminar bajo el sol se me hizo muy pesado.<br \/>\nAs\u00ed que en el camino de vuelta, cogimos un taxi.<br \/>\nLa tarifa era bastante razonable.<\/p>\n","protected":false},"excerpt":{"rendered":"<p>[ Julio, 2014 ]\u00a0De Zadar en Croacia, fuimos hacia el sur a un pueblo llamado Sibenik en autob\u00fas. Tom\u00f3 un poco m\u00e1s de una hora. Esta ciudad fue fundada por croatas no como otras ciudades&#8230;<\/p>\n","protected":false},"author":10,"featured_media":153857,"comment_status":"open","ping_status":"open","sticky":false,"template":"","format":"standard","meta":{"_relevanssi_hide_post":"","_relevanssi_hide_content":"","_relevanssi_pin_for_all":"","_relevanssi_pin_keywords":"","_relevanssi_unpin_keywords":"","_relevanssi_related_keywords":"","_relevanssi_related_include_ids":"","_relevanssi_related_exclude_ids":"","_relevanssi_related_no_append":"","_relevanssi_related_not_related":"","_relevanssi_related_posts":"","_relevanssi_noindex_reason":""},"categories":[1540,1552],"tags":[],"typology":[],"yoast_head":"<title>A Sibenik<\/title>\n<meta name=\"description\" content=\"\u00a0De Zadar en Croacia, fuimos hacia el sur a un pueblo llamado Sibenik en autob\u00fas. Tom\u00f3 un poco m\u00e1s de una hora. Esta ciudad fue fundada por croatas no\" \/>\n<meta name=\"robots\" content=\"index, follow, max-snippet:-1, max-image-preview:large, max-video-preview:-1\" \/>\n<link rel=\"canonical\" href=\"https:\/\/mirandalovestravelling.com\/es\/wp-json\/wp\/v2\/posts\/161329\" \/>\n<meta property=\"og:locale\" content=\"es_ES\" \/>\n<meta property=\"og:type\" content=\"article\" \/>\n<meta property=\"og:title\" content=\"A Sibenik\" \/>\n<meta property=\"og:description\" content=\"\u00a0De Zadar en Croacia, fuimos hacia el sur a un pueblo llamado Sibenik en autob\u00fas. Tom\u00f3 un poco m\u00e1s de una hora. Esta ciudad fue fundada por croatas no\" \/>\n<meta property=\"og:url\" content=\"https:\/\/mirandalovestravelling.com\/es\/a-sibenik\/\" \/>\n<meta property=\"og:site_name\" content=\"Miranda Loves Travelling\" \/>\n<meta property=\"article:published_time\" content=\"2014-08-31T15:00:00+00:00\" \/>\n<meta property=\"article:modified_time\" content=\"2019-03-04T18:44:16+00:00\" \/>\n<meta property=\"og:image\" content=\"https:\/\/mirandalovestravelling.com\/media\/2016\/08\/Sibenik-2.jpg\" \/>\n\t<meta property=\"og:image:width\" content=\"1000\" \/>\n\t<meta property=\"og:image:height\" content=\"662\" \/>\n\t<meta property=\"og:image:type\" content=\"image\/jpeg\" \/>\n<meta name=\"author\" content=\"Miranda\" \/>\n<meta name=\"twitter:card\" content=\"summary_large_image\" \/>\n<meta name=\"twitter:label1\" content=\"Escrito por\" \/>\n\t<meta name=\"twitter:data1\" content=\"\" \/>\n\t<meta name=\"twitter:label2\" content=\"Tiempo de lectura\" \/>\n\t<meta name=\"twitter:data2\" content=\"1 minuto\" \/>\n<script type=\"application\/ld+json\" class=\"yoast-schema-graph\">{\"@context\":\"https:\/\/schema.org\",\"@graph\":[{\"@type\":\"WebPage\",\"@id\":\"https:\/\/mirandalovestravelling.com\/es\/a-sibenik\/\",\"url\":\"https:\/\/mirandalovestravelling.com\/es\/a-sibenik\/\",\"name\":\"A Sibenik\",\"isPartOf\":{\"@id\":\"https:\/\/mirandalovestravelling.com\/es\/#website\"},\"datePublished\":\"2014-08-31T15:00:00+00:00\",\"dateModified\":\"2019-03-04T18:44:16+00:00\",\"author\":{\"@id\":\"https:\/\/mirandalovestravelling.com\/es\/#\/schema\/person\/87298ef6c6b6c2d9f8cbd1d0850c2ac8\"},\"description\":\"\u00a0De Zadar en Croacia, fuimos hacia el sur a un pueblo llamado Sibenik en autob\u00fas. Tom\u00f3 un poco m\u00e1s de una hora. Esta ciudad fue fundada por croatas no\",\"breadcrumb\":{\"@id\":\"https:\/\/mirandalovestravelling.com\/es\/a-sibenik\/#breadcrumb\"},\"inLanguage\":\"es\",\"potentialAction\":[{\"@type\":\"ReadAction\",\"target\":[\"https:\/\/mirandalovestravelling.com\/es\/a-sibenik\/\"]}]},{\"@type\":\"BreadcrumbList\",\"@id\":\"https:\/\/mirandalovestravelling.com\/es\/a-sibenik\/#breadcrumb\",\"itemListElement\":[{\"@type\":\"ListItem\",\"position\":1,\"name\":\"Home\",\"item\":\"https:\/\/mirandalovestravelling.com\/es\/\"},{\"@type\":\"ListItem\",\"position\":2,\"name\":\"Croacia\",\"item\":\"https:\/\/mirandalovestravelling.com\/es\/location\/croacia\/\"},{\"@type\":\"ListItem\",\"position\":3,\"name\":\"Sibenik\",\"item\":\"https:\/\/mirandalovestravelling.com\/es\/location\/croacia\/sibenik-es\/\"},{\"@type\":\"ListItem\",\"position\":4,\"name\":\"A Sibenik\"}]},{\"@type\":\"WebSite\",\"@id\":\"https:\/\/mirandalovestravelling.com\/es\/#website\",\"url\":\"https:\/\/mirandalovestravelling.com\/es\/\",\"name\":\"Miranda Loves Travelling\",\"description\":\"Mi diario de viaje\",\"potentialAction\":[{\"@type\":\"SearchAction\",\"target\":{\"@type\":\"EntryPoint\",\"urlTemplate\":\"https:\/\/mirandalovestravelling.com\/es\/?s={search_term_string}\"},\"query-input\":\"required name=search_term_string\"}],\"inLanguage\":\"es\"},{\"@type\":\"Person\",\"@id\":\"https:\/\/mirandalovestravelling.com\/es\/#\/schema\/person\/87298ef6c6b6c2d9f8cbd1d0850c2ac8\",\"name\":\"Miranda\",\"image\":{\"@type\":\"ImageObject\",\"inLanguage\":\"es\",\"@id\":\"https:\/\/mirandalovestravelling.com\/es\/#\/schema\/person\/image\/\",\"url\":\"https:\/\/secure.gravatar.com\/avatar\/979d7e5ee6a879380bc5301d98046c08?s=96&r=g\",\"contentUrl\":\"https:\/\/secure.gravatar.com\/avatar\/979d7e5ee6a879380bc5301d98046c08?s=96&r=g\",\"caption\":\"Miranda\"},\"description\":\"We are a couple who love travelling all over the world. Walking in the unknown towns, taking photos and eating local foods are the purpose of our life. When we are not travelling, we are always planning for the next journeys.\"}]}<\/script>","yoast_head_json":{"title":"A Sibenik","description":"\u00a0De Zadar en Croacia, fuimos hacia el sur a un pueblo llamado Sibenik en autob\u00fas. Tom\u00f3 un poco m\u00e1s de una hora. Esta ciudad fue fundada por croatas no","robots":{"index":"index","follow":"follow","max-snippet":"max-snippet:-1","max-image-preview":"max-image-preview:large","max-video-preview":"max-video-preview:-1"},"canonical":"https:\/\/mirandalovestravelling.com\/es\/wp-json\/wp\/v2\/posts\/161329","og_locale":"es_ES","og_type":"article","og_title":"A Sibenik","og_description":"\u00a0De Zadar en Croacia, fuimos hacia el sur a un pueblo llamado Sibenik en autob\u00fas. Tom\u00f3 un poco m\u00e1s de una hora. Esta ciudad fue fundada por croatas no","og_url":"https:\/\/mirandalovestravelling.com\/es\/a-sibenik\/","og_site_name":"Miranda Loves Travelling","article_published_time":"2014-08-31T15:00:00+00:00","article_modified_time":"2019-03-04T18:44:16+00:00","og_image":[{"width":1000,"height":662,"url":"https:\/\/mirandalovestravelling.com\/media\/2016\/08\/Sibenik-2.jpg","type":"image\/jpeg"}],"author":"Miranda","twitter_card":"summary_large_image","twitter_misc":{"Escrito por":false,"Tiempo de lectura":"1 minuto"},"schema":{"@context":"https:\/\/schema.org","@graph":[{"@type":"WebPage","@id":"https:\/\/mirandalovestravelling.com\/es\/a-sibenik\/","url":"https:\/\/mirandalovestravelling.com\/es\/a-sibenik\/","name":"A Sibenik","isPartOf":{"@id":"https:\/\/mirandalovestravelling.com\/es\/#website"},"datePublished":"2014-08-31T15:00:00+00:00","dateModified":"2019-03-04T18:44:16+00:00","author":{"@id":"https:\/\/mirandalovestravelling.com\/es\/#\/schema\/person\/87298ef6c6b6c2d9f8cbd1d0850c2ac8"},"description":"\u00a0De Zadar en Croacia, fuimos hacia el sur a un pueblo llamado Sibenik en autob\u00fas. Tom\u00f3 un poco m\u00e1s de una hora. Esta ciudad fue fundada por croatas no","breadcrumb":{"@id":"https:\/\/mirandalovestravelling.com\/es\/a-sibenik\/#breadcrumb"},"inLanguage":"es","potentialAction":[{"@type":"ReadAction","target":["https:\/\/mirandalovestravelling.com\/es\/a-sibenik\/"]}]},{"@type":"BreadcrumbList","@id":"https:\/\/mirandalovestravelling.com\/es\/a-sibenik\/#breadcrumb","itemListElement":[{"@type":"ListItem","position":1,"name":"Home","item":"https:\/\/mirandalovestravelling.com\/es\/"},{"@type":"ListItem","position":2,"name":"Croacia","item":"https:\/\/mirandalovestravelling.com\/es\/location\/croacia\/"},{"@type":"ListItem","position":3,"name":"Sibenik","item":"https:\/\/mirandalovestravelling.com\/es\/location\/croacia\/sibenik-es\/"},{"@type":"ListItem","position":4,"name":"A Sibenik"}]},{"@type":"WebSite","@id":"https:\/\/mirandalovestravelling.com\/es\/#website","url":"https:\/\/mirandalovestravelling.com\/es\/","name":"Miranda Loves Travelling","description":"Mi diario de viaje","potentialAction":[{"@type":"SearchAction","target":{"@type":"EntryPoint","urlTemplate":"https:\/\/mirandalovestravelling.com\/es\/?s={search_term_string}"},"query-input":"required name=search_term_string"}],"inLanguage":"es"},{"@type":"Person","@id":"https:\/\/mirandalovestravelling.com\/es\/#\/schema\/person\/87298ef6c6b6c2d9f8cbd1d0850c2ac8","name":"Miranda","image":{"@type":"ImageObject","inLanguage":"es","@id":"https:\/\/mirandalovestravelling.com\/es\/#\/schema\/person\/image\/","url":"https:\/\/secure.gravatar.com\/avatar\/979d7e5ee6a879380bc5301d98046c08?s=96&r=g","contentUrl":"https:\/\/secure.gravatar.com\/avatar\/979d7e5ee6a879380bc5301d98046c08?s=96&r=g","caption":"Miranda"},"description":"We are a couple who love travelling all over the world. Walking in the unknown towns, taking photos and eating local foods are the purpose of our life. When we are not travelling, we are always planning for the next journeys."}]}},"_links":{"self":[{"href":"https:\/\/mirandalovestravelling.com\/es\/wp-json\/wp\/v2\/posts\/161329"}],"collection":[{"href":"https:\/\/mirandalovestravelling.com\/es\/wp-json\/wp\/v2\/posts"}],"about":[{"href":"https:\/\/mirandalovestravelling.com\/es\/wp-json\/wp\/v2\/types\/post"}],"author":[{"embeddable":true,"href":"https:\/\/mirandalovestravelling.com\/es\/wp-json\/wp\/v2\/users\/10"}],"replies":[{"embeddable":true,"href":"https:\/\/mirandalovestravelling.com\/es\/wp-json\/wp\/v2\/comments?post=161329"}],"version-history":[{"count":0,"href":"https:\/\/mirandalovestravelling.com\/es\/wp-json\/wp\/v2\/posts\/161329\/revisions"}],"wp:featuredmedia":[{"embeddable":true,"href":"https:\/\/mirandalovestravelling.com\/es\/wp-json\/wp\/v2\/media\/153857"}],"wp:attachment":[{"href":"https:\/\/mirandalovestravelling.com\/es\/wp-json\/wp\/v2\/media?parent=161329"}],"wp:term":[{"taxonomy":"category","embeddable":true,"href":"https:\/\/mirandalovestravelling.com\/es\/wp-json\/wp\/v2\/categories?post=161329"},{"taxonomy":"post_tag","embeddable":true,"href":"https:\/\/mirandalovestravelling.com\/es\/wp-json\/wp\/v2\/tags?post=161329"},{"taxonomy":"typology","embeddable":true,"href":"https:\/\/mirandalovestravelling.com\/es\/wp-json\/wp\/v2\/typology?post=161329"}],"curies":[{"name":"wp","href":"https:\/\/api.w.org\/{rel}","templated":true}]}}