{"id":182612,"date":"2018-07-19T09:00:29","date_gmt":"2018-07-19T09:00:29","guid":{"rendered":"https:\/\/mirandalovestravelling.com\/?p=182612"},"modified":"2019-03-30T16:45:48","modified_gmt":"2019-03-30T16:45:48","slug":"sobre-slava-y-otros","status":"publish","type":"post","link":"https:\/\/mirandalovestravelling.com\/es\/sobre-slava-y-otros\/","title":{"rendered":"Sobre &#8216;Slava&#8217; y otros&#8230;"},"content":{"rendered":"<p>[ Mayo 2018 ]\u00a0Entramos en <strong>una iglesia ortodoxa<\/strong> llamada Iglesia de la Santa Madre de Dios en Zemun, una parte hist\u00f3rica de <a href=\"https:\/\/mirandalovestravelling.com\/es\/galieria-de-fotos\/location\/serbia-es\/belgrado-es\/\">Belgrado<\/a> en<a href=\"https:\/\/mirandalovestravelling.com\/es\/galieria-de-fotos\/location\/serbia-es\/\"> Serbia.<\/a><\/p>\n<p>Esta iglesia es la m\u00e1s grande de Zemun y la segunda m\u00e1s antigua, que se construy\u00f3 a fines del siglo XVIII.<img decoding=\"async\" class=\"alignleft size-mlt-medium wp-image-182129\" src=\"https:\/\/mirandalovestravelling.com\/media\/2018\/06\/Zemun-6-336x507.jpg\" alt=\"\" width=\"336\" height=\"507\" srcset=\"https:\/\/mirandalovestravelling.com\/media\/2018\/06\/Zemun-6-336x507.jpg 336w, https:\/\/mirandalovestravelling.com\/media\/2018\/06\/Zemun-6-768x1160.jpg 768w, https:\/\/mirandalovestravelling.com\/media\/2018\/06\/Zemun-6.jpg 954w\" sizes=\"(max-width: 336px) 100vw, 336px\" \/><\/p>\n<p><strong>Nuestra gu\u00eda, Marge, nos dec\u00eda: \u00abCreo en Dios en mi coraz\u00f3n, pero no voy a la iglesia tan a menudo\u00bb.<\/strong><\/p>\n<p><strong>Eso es porque hay muchas corrupciones entre las personas relacionadas con las iglesias.<\/strong><\/p>\n<p><strong>Ella dijo: \u00abHay tres coches Maserati en el pa\u00eds y todos pertenecen a sacerdotes\u00bb.<\/strong><\/p>\n<p><strong>En frente de la iglesia, aprendimos sobre &#8216;Slava&#8217;.<\/strong><\/p>\n<p><strong>Slava es el santo patr\u00f3n de una familia.<\/strong><\/p>\n<p><strong>Cada familia celebra el d\u00eda del santo cada a\u00f1o,<\/strong> durante tres d\u00edas, un d\u00eda para los familiares, un d\u00eda para los amigos y otro para los vecinos.<\/p>\n<p>Las amas de casa est\u00e1n muy ocupadas todos los a\u00f1os cocinando muchos tipos de ensaladas, sopa, cerdo, grasa de cerdo (supongo que este es algo similar a el\u00a0<a href=\"https:\/\/mirandalovestravelling.com\/es\/comimos-mucho-de-nuevo\/\">Jumari que comimos en Rumania)<\/a> y pasteles.<\/p>\n<p>Si no est\u00e1s invitado o no vas a la celebraci\u00f3n, eso significa que rompes <strong>las relaciones con la familia.<\/strong><\/p>\n<p>Cuando vayas, tienes que llevar un peque\u00f1o regalo para la familia.<\/p>\n<p>Seg\u00fan Marge, los j\u00f3venes pobres tomar\u00e1n el mismo vino barato que recibieron para la celebraci\u00f3n de su amigo.<\/p>\n<p>Y los estudiantes pueden ausentarse de la escuela durante el d\u00eda.<\/p>\n<p>Entonces, en <strong>el d\u00eda de San Nicol\u00e1s<\/strong>, el mayor n\u00famero de personas santas, las escuelas est\u00e1n casi vac\u00edas.<\/p>\n<p><strong>El santo patr\u00f3n es heredado de padres a hijos.<\/strong><\/p>\n<p>Para una mujer, su santa es la misma que el santo de su padre hasta que se casa, despu\u00e9s del matrimonio, el santo de su esposo es el de ella.<\/p>\n<p>Desde la iglesia caminamos hasta una peque\u00f1a colina con <a href=\"https:\/\/mirandalovestravelling.com\/es\/serbia-belgrado\/\">unas buenas vista.<\/a><\/p>\n<p><img decoding=\"async\" class=\"alignright size-mlt-medium wp-image-182285\" src=\"https:\/\/mirandalovestravelling.com\/media\/2018\/06\/Zemun-41-336x223.jpg\" alt=\"\" width=\"336\" height=\"223\" srcset=\"https:\/\/mirandalovestravelling.com\/media\/2018\/06\/Zemun-41-336x223.jpg 336w, https:\/\/mirandalovestravelling.com\/media\/2018\/06\/Zemun-41-768x509.jpg 768w, https:\/\/mirandalovestravelling.com\/media\/2018\/06\/Zemun-41.jpg 1920w\" sizes=\"(max-width: 336px) 100vw, 336px\" \/><\/p>\n<p>En el camino, vimos <strong>la casa m\u00e1s antigua de la ciudad.<\/strong><\/p>\n<p>Sol\u00eda \u200b\u200bser una taberna llamada Beli Medved que se construy\u00f3 en el siglo XVII.<\/p>\n<p>En aquellos d\u00edas hab\u00eda<strong> redes de corredores subterr\u00e1neos.<\/strong><\/p>\n<p>Que fueron construidos para fines militares, pero despu\u00e9s de eso se convirti\u00f3 en un lugar de almacenamiento.<\/p>\n<p>Recorr\u00eda unos 100 metros.<\/p>\n<p>No hace mucho tiempo, hubo un incidente en las casas construidas en la parte superior de los corredores y los cuales se hundieron, por lo que los corredores principales se llenaron.<\/p>\n<p>Recuerdo haber escuchado acerca de los pasillos subterr\u00e1neos no hace mucho y trat\u00e9 de recordar.<\/p>\n<p>Fue en <a href=\"https:\/\/mirandalovestravelling.com\/es\/el-museo-que-estaba-abierto-en-un-lunes\/\">la Rep\u00fablica Checa.<\/a><\/p>\n<p>Lo que hay en com\u00fan entre los checos y los serbios es que ambos tuvieron un <strong>per\u00edodo gobernado por el Imperio austriaco<\/strong>.<\/p>\n<p>Me sorprendi\u00f3 ver que desde el edificio medio roto, alguien sali\u00f3.<\/p>\n<p>Aparentemente hay personas que viven all\u00ed.<img decoding=\"async\" class=\"alignleft size-mlt-medium wp-image-182293\" src=\"https:\/\/mirandalovestravelling.com\/media\/2018\/06\/Zemun-43-336x224.jpg\" alt=\"\" width=\"336\" height=\"224\" srcset=\"https:\/\/mirandalovestravelling.com\/media\/2018\/06\/Zemun-43-336x224.jpg 336w, https:\/\/mirandalovestravelling.com\/media\/2018\/06\/Zemun-43-768x512.jpg 768w, https:\/\/mirandalovestravelling.com\/media\/2018\/06\/Zemun-43.jpg 1920w\" sizes=\"(max-width: 336px) 100vw, 336px\" \/><\/p>\n<p>Desde la cima de la colina, pudimos ver la hermosa <strong>vista de los tejados rojos<\/strong>, pero Marge nos dijo que era el lugar m\u00e1s peligroso de <strong>Belgrado<\/strong> en la d\u00e9cada de 1990.<\/p>\n<p>Cuando las Mafias ten\u00edan el poder, la Mafia, en Zemun era la m\u00e1s poderosa.<\/p>\n<p>Despu\u00e9s de que los serbios establecieran la democracia en 2000, en 2003 el presidente fue asesinado, lo que caus\u00f3 un gran impacto en el pueblo.<\/p>\n<p>Dijeron que la polic\u00eda secreta ten\u00eda algo que ver con la mafia que hizo ese trabajo.<\/p>\n<p>Este incidente llev\u00f3 a limpiar las mafias, por lo que<strong> ahora Zemun es pac\u00edfico.<\/strong><\/p>\n","protected":false},"excerpt":{"rendered":"<p>[ Mayo 2018 ]\u00a0Entramos en una iglesia ortodoxa llamada Iglesia de la Santa Madre de Dios en Zemun, una parte hist\u00f3rica de Belgrado en Serbia. Esta iglesia es la m\u00e1s grande de Zemun y la&#8230;<\/p>\n","protected":false},"author":10,"featured_media":182192,"comment_status":"open","ping_status":"closed","sticky":false,"template":"","format":"standard","meta":{"_relevanssi_hide_post":"","_relevanssi_hide_content":"","_relevanssi_pin_for_all":"","_relevanssi_pin_keywords":"","_relevanssi_unpin_keywords":"","_relevanssi_related_keywords":"","_relevanssi_related_include_ids":"","_relevanssi_related_exclude_ids":"","_relevanssi_related_no_append":"","_relevanssi_related_not_related":"","_relevanssi_related_posts":"","_relevanssi_noindex_reason":""},"categories":[2062,2058],"tags":[],"typology":[],"yoast_head":"<title>Sobre &#039;Slava&#039; y otros...<\/title>\n<meta name=\"description\" content=\"\u00a0Entramos en una iglesia ortodoxa llamada Iglesia de la Santa Madre de Dios en Zemun, una parte hist\u00f3rica de Belgrado en Serbia. Esta iglesia es la m\u00e1s\" \/>\n<meta name=\"robots\" content=\"index, follow, max-snippet:-1, max-image-preview:large, max-video-preview:-1\" \/>\n<link rel=\"canonical\" href=\"https:\/\/mirandalovestravelling.com\/es\/wp-json\/wp\/v2\/posts\/182612\" \/>\n<meta property=\"og:locale\" content=\"es_ES\" \/>\n<meta property=\"og:type\" content=\"article\" \/>\n<meta property=\"og:title\" content=\"Sobre &#039;Slava&#039; y otros...\" \/>\n<meta property=\"og:description\" content=\"\u00a0Entramos en una iglesia ortodoxa llamada Iglesia de la Santa Madre de Dios en Zemun, una parte hist\u00f3rica de Belgrado en Serbia. Esta iglesia es la m\u00e1s\" \/>\n<meta property=\"og:url\" content=\"https:\/\/mirandalovestravelling.com\/es\/sobre-slava-y-otros\/\" \/>\n<meta property=\"og:site_name\" content=\"Miranda Loves Travelling\" \/>\n<meta property=\"article:published_time\" content=\"2018-07-19T09:00:29+00:00\" \/>\n<meta property=\"article:modified_time\" content=\"2019-03-30T16:45:48+00:00\" \/>\n<meta property=\"og:image\" content=\"https:\/\/mirandalovestravelling.com\/media\/2018\/06\/Zemun-21.jpg\" \/>\n\t<meta property=\"og:image:width\" content=\"1920\" \/>\n\t<meta property=\"og:image:height\" content=\"1280\" \/>\n\t<meta property=\"og:image:type\" content=\"image\/jpeg\" \/>\n<meta name=\"author\" content=\"Miranda\" \/>\n<meta name=\"twitter:card\" content=\"summary_large_image\" \/>\n<meta name=\"twitter:label1\" content=\"Escrito por\" \/>\n\t<meta name=\"twitter:data1\" content=\"\" \/>\n\t<meta name=\"twitter:label2\" content=\"Tiempo de lectura\" \/>\n\t<meta name=\"twitter:data2\" content=\"3 minutos\" \/>\n<script type=\"application\/ld+json\" class=\"yoast-schema-graph\">{\"@context\":\"https:\/\/schema.org\",\"@graph\":[{\"@type\":\"WebPage\",\"@id\":\"https:\/\/mirandalovestravelling.com\/es\/sobre-slava-y-otros\/\",\"url\":\"https:\/\/mirandalovestravelling.com\/es\/sobre-slava-y-otros\/\",\"name\":\"Sobre 'Slava' y otros...\",\"isPartOf\":{\"@id\":\"https:\/\/mirandalovestravelling.com\/es\/#website\"},\"datePublished\":\"2018-07-19T09:00:29+00:00\",\"dateModified\":\"2019-03-30T16:45:48+00:00\",\"author\":{\"@id\":\"https:\/\/mirandalovestravelling.com\/es\/#\/schema\/person\/87298ef6c6b6c2d9f8cbd1d0850c2ac8\"},\"description\":\"\u00a0Entramos en una iglesia ortodoxa llamada Iglesia de la Santa Madre de Dios en Zemun, una parte hist\u00f3rica de Belgrado en Serbia. Esta iglesia es la m\u00e1s\",\"breadcrumb\":{\"@id\":\"https:\/\/mirandalovestravelling.com\/es\/sobre-slava-y-otros\/#breadcrumb\"},\"inLanguage\":\"es\",\"potentialAction\":[{\"@type\":\"ReadAction\",\"target\":[\"https:\/\/mirandalovestravelling.com\/es\/sobre-slava-y-otros\/\"]}]},{\"@type\":\"BreadcrumbList\",\"@id\":\"https:\/\/mirandalovestravelling.com\/es\/sobre-slava-y-otros\/#breadcrumb\",\"itemListElement\":[{\"@type\":\"ListItem\",\"position\":1,\"name\":\"Home\",\"item\":\"https:\/\/mirandalovestravelling.com\/es\/\"},{\"@type\":\"ListItem\",\"position\":2,\"name\":\"Serbia\",\"item\":\"https:\/\/mirandalovestravelling.com\/es\/location\/serbia-es\/\"},{\"@type\":\"ListItem\",\"position\":3,\"name\":\"Belgrado\",\"item\":\"https:\/\/mirandalovestravelling.com\/es\/location\/serbia-es\/belgrado-es\/\"},{\"@type\":\"ListItem\",\"position\":4,\"name\":\"Sobre &#8216;Slava&#8217; y otros&#8230;\"}]},{\"@type\":\"WebSite\",\"@id\":\"https:\/\/mirandalovestravelling.com\/es\/#website\",\"url\":\"https:\/\/mirandalovestravelling.com\/es\/\",\"name\":\"Miranda Loves Travelling\",\"description\":\"Mi diario de viaje\",\"potentialAction\":[{\"@type\":\"SearchAction\",\"target\":{\"@type\":\"EntryPoint\",\"urlTemplate\":\"https:\/\/mirandalovestravelling.com\/es\/?s={search_term_string}\"},\"query-input\":\"required name=search_term_string\"}],\"inLanguage\":\"es\"},{\"@type\":\"Person\",\"@id\":\"https:\/\/mirandalovestravelling.com\/es\/#\/schema\/person\/87298ef6c6b6c2d9f8cbd1d0850c2ac8\",\"name\":\"Miranda\",\"image\":{\"@type\":\"ImageObject\",\"inLanguage\":\"es\",\"@id\":\"https:\/\/mirandalovestravelling.com\/es\/#\/schema\/person\/image\/\",\"url\":\"https:\/\/secure.gravatar.com\/avatar\/979d7e5ee6a879380bc5301d98046c08?s=96&r=g\",\"contentUrl\":\"https:\/\/secure.gravatar.com\/avatar\/979d7e5ee6a879380bc5301d98046c08?s=96&r=g\",\"caption\":\"Miranda\"},\"description\":\"We are a couple who love travelling all over the world. Walking in the unknown towns, taking photos and eating local foods are the purpose of our life. When we are not travelling, we are always planning for the next journeys.\"}]}<\/script>","yoast_head_json":{"title":"Sobre 'Slava' y otros...","description":"\u00a0Entramos en una iglesia ortodoxa llamada Iglesia de la Santa Madre de Dios en Zemun, una parte hist\u00f3rica de Belgrado en Serbia. Esta iglesia es la m\u00e1s","robots":{"index":"index","follow":"follow","max-snippet":"max-snippet:-1","max-image-preview":"max-image-preview:large","max-video-preview":"max-video-preview:-1"},"canonical":"https:\/\/mirandalovestravelling.com\/es\/wp-json\/wp\/v2\/posts\/182612","og_locale":"es_ES","og_type":"article","og_title":"Sobre 'Slava' y otros...","og_description":"\u00a0Entramos en una iglesia ortodoxa llamada Iglesia de la Santa Madre de Dios en Zemun, una parte hist\u00f3rica de Belgrado en Serbia. Esta iglesia es la m\u00e1s","og_url":"https:\/\/mirandalovestravelling.com\/es\/sobre-slava-y-otros\/","og_site_name":"Miranda Loves Travelling","article_published_time":"2018-07-19T09:00:29+00:00","article_modified_time":"2019-03-30T16:45:48+00:00","og_image":[{"width":1920,"height":1280,"url":"https:\/\/mirandalovestravelling.com\/media\/2018\/06\/Zemun-21.jpg","type":"image\/jpeg"}],"author":"Miranda","twitter_card":"summary_large_image","twitter_misc":{"Escrito por":false,"Tiempo de lectura":"3 minutos"},"schema":{"@context":"https:\/\/schema.org","@graph":[{"@type":"WebPage","@id":"https:\/\/mirandalovestravelling.com\/es\/sobre-slava-y-otros\/","url":"https:\/\/mirandalovestravelling.com\/es\/sobre-slava-y-otros\/","name":"Sobre 'Slava' y otros...","isPartOf":{"@id":"https:\/\/mirandalovestravelling.com\/es\/#website"},"datePublished":"2018-07-19T09:00:29+00:00","dateModified":"2019-03-30T16:45:48+00:00","author":{"@id":"https:\/\/mirandalovestravelling.com\/es\/#\/schema\/person\/87298ef6c6b6c2d9f8cbd1d0850c2ac8"},"description":"\u00a0Entramos en una iglesia ortodoxa llamada Iglesia de la Santa Madre de Dios en Zemun, una parte hist\u00f3rica de Belgrado en Serbia. Esta iglesia es la m\u00e1s","breadcrumb":{"@id":"https:\/\/mirandalovestravelling.com\/es\/sobre-slava-y-otros\/#breadcrumb"},"inLanguage":"es","potentialAction":[{"@type":"ReadAction","target":["https:\/\/mirandalovestravelling.com\/es\/sobre-slava-y-otros\/"]}]},{"@type":"BreadcrumbList","@id":"https:\/\/mirandalovestravelling.com\/es\/sobre-slava-y-otros\/#breadcrumb","itemListElement":[{"@type":"ListItem","position":1,"name":"Home","item":"https:\/\/mirandalovestravelling.com\/es\/"},{"@type":"ListItem","position":2,"name":"Serbia","item":"https:\/\/mirandalovestravelling.com\/es\/location\/serbia-es\/"},{"@type":"ListItem","position":3,"name":"Belgrado","item":"https:\/\/mirandalovestravelling.com\/es\/location\/serbia-es\/belgrado-es\/"},{"@type":"ListItem","position":4,"name":"Sobre &#8216;Slava&#8217; y otros&#8230;"}]},{"@type":"WebSite","@id":"https:\/\/mirandalovestravelling.com\/es\/#website","url":"https:\/\/mirandalovestravelling.com\/es\/","name":"Miranda Loves Travelling","description":"Mi diario de viaje","potentialAction":[{"@type":"SearchAction","target":{"@type":"EntryPoint","urlTemplate":"https:\/\/mirandalovestravelling.com\/es\/?s={search_term_string}"},"query-input":"required name=search_term_string"}],"inLanguage":"es"},{"@type":"Person","@id":"https:\/\/mirandalovestravelling.com\/es\/#\/schema\/person\/87298ef6c6b6c2d9f8cbd1d0850c2ac8","name":"Miranda","image":{"@type":"ImageObject","inLanguage":"es","@id":"https:\/\/mirandalovestravelling.com\/es\/#\/schema\/person\/image\/","url":"https:\/\/secure.gravatar.com\/avatar\/979d7e5ee6a879380bc5301d98046c08?s=96&r=g","contentUrl":"https:\/\/secure.gravatar.com\/avatar\/979d7e5ee6a879380bc5301d98046c08?s=96&r=g","caption":"Miranda"},"description":"We are a couple who love travelling all over the world. Walking in the unknown towns, taking photos and eating local foods are the purpose of our life. When we are not travelling, we are always planning for the next journeys."}]}},"_links":{"self":[{"href":"https:\/\/mirandalovestravelling.com\/es\/wp-json\/wp\/v2\/posts\/182612"}],"collection":[{"href":"https:\/\/mirandalovestravelling.com\/es\/wp-json\/wp\/v2\/posts"}],"about":[{"href":"https:\/\/mirandalovestravelling.com\/es\/wp-json\/wp\/v2\/types\/post"}],"author":[{"embeddable":true,"href":"https:\/\/mirandalovestravelling.com\/es\/wp-json\/wp\/v2\/users\/10"}],"replies":[{"embeddable":true,"href":"https:\/\/mirandalovestravelling.com\/es\/wp-json\/wp\/v2\/comments?post=182612"}],"version-history":[{"count":0,"href":"https:\/\/mirandalovestravelling.com\/es\/wp-json\/wp\/v2\/posts\/182612\/revisions"}],"wp:featuredmedia":[{"embeddable":true,"href":"https:\/\/mirandalovestravelling.com\/es\/wp-json\/wp\/v2\/media\/182192"}],"wp:attachment":[{"href":"https:\/\/mirandalovestravelling.com\/es\/wp-json\/wp\/v2\/media?parent=182612"}],"wp:term":[{"taxonomy":"category","embeddable":true,"href":"https:\/\/mirandalovestravelling.com\/es\/wp-json\/wp\/v2\/categories?post=182612"},{"taxonomy":"post_tag","embeddable":true,"href":"https:\/\/mirandalovestravelling.com\/es\/wp-json\/wp\/v2\/tags?post=182612"},{"taxonomy":"typology","embeddable":true,"href":"https:\/\/mirandalovestravelling.com\/es\/wp-json\/wp\/v2\/typology?post=182612"}],"curies":[{"name":"wp","href":"https:\/\/api.w.org\/{rel}","templated":true}]}}