{"id":195226,"date":"2019-02-17T08:46:42","date_gmt":"2019-02-17T08:46:42","guid":{"rendered":"https:\/\/mirandalovestravelling.com\/keep-walking-in-la-orotava\/"},"modified":"2019-02-17T15:35:39","modified_gmt":"2019-02-17T15:35:39","slug":"keep-walking-in-la-orotava","status":"publish","type":"post","link":"https:\/\/mirandalovestravelling.com\/es\/keep-walking-in-la-orotava\/","title":{"rendered":"Seguimos Caminando por La Orotava"},"content":{"rendered":"<p>[ Dic.2018 ] Voy a seguir hablando sobre nuestras visitas en La Orotava, en el norte de <a href=\"https:\/\/mirandalovestravelling.com\/es\/location\/espana\/tenerife-es\/\">Tenerife<\/a>, <a href=\"https:\/\/mirandalovestravelling.com\/es\/location\/espana\/\">Espa\u00f1a<\/a>.<\/p>\n<p>Luego de la Casa de los Balcones visitamos la <strong>Casa del Turista<\/strong> que estaba justo enfrente a la anterior.<\/p>\n<p><img decoding=\"async\" class=\"alignleft size-mlt-medium wp-image-194746\" src=\"https:\/\/mirandalovestravelling.com\/media\/2019\/01\/La-Orotava-29-336x224.jpg\" alt=\"\" width=\"336\" height=\"224\" srcset=\"https:\/\/mirandalovestravelling.com\/media\/2019\/01\/La-Orotava-29-336x224.jpg 336w, https:\/\/mirandalovestravelling.com\/media\/2019\/01\/La-Orotava-29-768x512.jpg 768w, https:\/\/mirandalovestravelling.com\/media\/2019\/01\/La-Orotava-29.jpg 1920w\" sizes=\"(max-width: 336px) 100vw, 336px\" \/> Como sugiere el nombre, esta casa <strong>actualmente es un negocio de souvenirs grande<\/strong>, pero originalmente era un convento llamado Molina, construido en el siglo 17.<\/p>\n<p>El dise\u00f1o de la casa era similar al de la Casa de los Balcones.<\/p>\n<p><strong>Lo principal era la \u00abpintura\u00bb en el piso en una de las habitaciones que estaba realizado con arena, piedras, aserr\u00edn y p\u00e9talos.\u00a0<\/strong><\/p>\n<p>Es una muestra de la \u00abalfombra\u00bb que hab\u00edan realizado para el Corpus Cristi en junio en varias plazas y calles del pueblo.<\/p>\n<p><strong>La arena que utilizan para realizar la \u00abalfombra\u00bb es tra\u00edda del la monta\u00f1a Teide<\/strong>, la monta\u00f1a mas alta de Espa\u00f1a, ubicada en Tenerife.\u00a0<img decoding=\"async\" class=\"alignright size-mlt-medium wp-image-194858\" src=\"https:\/\/mirandalovestravelling.com\/media\/2019\/01\/La-Orotava-57-336x507.jpg\" alt=\"\" width=\"336\" height=\"507\" srcset=\"https:\/\/mirandalovestravelling.com\/media\/2019\/01\/La-Orotava-57-336x507.jpg 336w, https:\/\/mirandalovestravelling.com\/media\/2019\/01\/La-Orotava-57-768x1160.jpg 768w, https:\/\/mirandalovestravelling.com\/media\/2019\/01\/La-Orotava-57.jpg 1920w\" sizes=\"(max-width: 336px) 100vw, 336px\" \/><\/p>\n<p>La \u00abalfombra\u00bb mas espectacular es realizada en la plaza frente a la municipalidad. Llega a tener 870 metros cuadrados.<\/p>\n<p>Aparentemente se necesita un mes para poder terminarla.<\/p>\n<p>Esta tradici\u00f3n comenz\u00f3 en 1847.<\/p>\n<p><strong>Las personas que hacen estas \u00abalfombras\u00bb son llamados alfombristas<\/strong> y estaba la estatua de uno de ellos detr\u00e1s de la iglesia de la Concepci\u00f3n, que visitamos luego.<\/p>\n<p>Por cierto, cuando estuvimos all\u00ed a fin de a\u00f1o, en la plaza frente a la municipalidad,<strong> hab\u00eda una imagen a gran escala de la natividad, env\u00e9s de la alfombra.<\/strong><\/p>\n<p>En Espa\u00f1a durante la navidad <strong>parecer\u00eda que es muy importante representar la natividad, que se llama Bel\u00e9n<\/strong>, incluso es mas importante que armar el \u00e1rbol. Vimos esto en varios lugares.<\/p>\n<p><strong>Cuando entramos a la Iglesia de la Concepci\u00f3n descubrimos que estaban en misa.\u00a0<\/strong><\/p>\n<p><img decoding=\"async\" class=\"alignleft size-mlt-medium wp-image-194846\" src=\"https:\/\/mirandalovestravelling.com\/media\/2019\/01\/La-Orotava-54-336x504.jpg\" alt=\"\" width=\"336\" height=\"504\" srcset=\"https:\/\/mirandalovestravelling.com\/media\/2019\/01\/La-Orotava-54-336x504.jpg 336w, https:\/\/mirandalovestravelling.com\/media\/2019\/01\/La-Orotava-54-768x1152.jpg 768w, https:\/\/mirandalovestravelling.com\/media\/2019\/01\/La-Orotava-54.jpg 1920w\" sizes=\"(max-width: 336px) 100vw, 336px\" \/>Algunas personas que usaban el manto de pastores estaban cantando conjuntamente con la guitarra y el tambor.<\/p>\n<p>La canci\u00f3n era mas suave que los cantos, sonaba mas como una canci\u00f3n popular, pero parec\u00eda una parte importante de la misa.<\/p>\n<p>En ese momento no pude sacar fotos pero luego le saqu\u00e9 una foto a uno de los cantantes cuando sali\u00f3 de la iglesia, una vez que la misa concluy\u00f3.<\/p>\n<p>Luego de eso <strong>subimos y bajamos las calles empinadas y llegamos a otra iglesia llamada Iglesia de Santo Domingo.<\/strong><\/p>\n<p>Estaba realmente llena de gente as\u00ed que ni siquiera le pudimos hechar un vistazo.<\/p>\n<p>La gente all\u00ed parec\u00eda muy religiosa.<\/p>\n<p>Seg\u00fan nuestro libro tur\u00edstico <b>hay varios museos interesantes en el pueblo pero, lamentablemente, estaban todos cerrados mientras\u00a0estuvimos all\u00ed.\u00a0<\/b><\/p>\n<p>Esto pudo haber sido posiblemente porque eran empleados p\u00fablicos y deb\u00edan haberse tomado vacaciones por navidad, aunque era el pico de la temporada.<\/p>\n<p>&nbsp;<\/p>\n","protected":false},"excerpt":{"rendered":"<p>[ Dic.2018 ] Voy a seguir hablando sobre nuestras visitas en La Orotava, en el norte de Tenerife, Espa\u00f1a. Luego de la Casa de los Balcones visitamos la Casa del Turista que estaba justo enfrente&#8230;<\/p>\n","protected":false},"author":10,"featured_media":194929,"comment_status":"open","ping_status":"closed","sticky":false,"template":"","format":"standard","meta":{"_relevanssi_hide_post":"","_relevanssi_hide_content":"","_relevanssi_pin_for_all":"","_relevanssi_pin_keywords":"","_relevanssi_unpin_keywords":"","_relevanssi_related_keywords":"","_relevanssi_related_include_ids":"","_relevanssi_related_exclude_ids":"","_relevanssi_related_no_append":"","_relevanssi_related_not_related":"","_relevanssi_related_posts":"","_relevanssi_noindex_reason":""},"categories":[1798,2151],"tags":[],"typology":[],"yoast_head":"<title>Seguimos Caminando por La Orotava<\/title>\n<meta name=\"description\" content=\"Voy a seguir hablando sobre nuestras visitas en La Orotava, en el norte de Tenerife, Espa\u00f1a. Luego de la Casa de los Balcones visitamos la Casa del\" \/>\n<meta name=\"robots\" content=\"index, follow, max-snippet:-1, max-image-preview:large, max-video-preview:-1\" \/>\n<link rel=\"canonical\" href=\"https:\/\/mirandalovestravelling.com\/es\/wp-json\/wp\/v2\/posts\/195226\" \/>\n<meta property=\"og:locale\" content=\"es_ES\" \/>\n<meta property=\"og:type\" content=\"article\" \/>\n<meta property=\"og:title\" content=\"Seguimos Caminando por La Orotava\" \/>\n<meta property=\"og:description\" content=\"Voy a seguir hablando sobre nuestras visitas en La Orotava, en el norte de Tenerife, Espa\u00f1a. Luego de la Casa de los Balcones visitamos la Casa del\" \/>\n<meta property=\"og:url\" content=\"https:\/\/mirandalovestravelling.com\/es\/keep-walking-in-la-orotava\/\" \/>\n<meta property=\"og:site_name\" content=\"Miranda Loves Travelling\" \/>\n<meta property=\"article:published_time\" content=\"2019-02-17T08:46:42+00:00\" \/>\n<meta property=\"article:modified_time\" content=\"2019-02-17T15:35:39+00:00\" \/>\n<meta property=\"og:image\" content=\"https:\/\/mirandalovestravelling.com\/media\/2019\/01\/La-Orotava-74.jpg\" \/>\n\t<meta property=\"og:image:width\" content=\"1920\" \/>\n\t<meta property=\"og:image:height\" content=\"1280\" \/>\n\t<meta property=\"og:image:type\" content=\"image\/jpeg\" \/>\n<meta name=\"author\" content=\"Miranda\" \/>\n<meta name=\"twitter:card\" content=\"summary_large_image\" \/>\n<meta name=\"twitter:label1\" content=\"Escrito por\" \/>\n\t<meta name=\"twitter:data1\" content=\"\" \/>\n\t<meta name=\"twitter:label2\" content=\"Tiempo de lectura\" \/>\n\t<meta name=\"twitter:data2\" content=\"2 minutos\" \/>\n<script type=\"application\/ld+json\" class=\"yoast-schema-graph\">{\"@context\":\"https:\/\/schema.org\",\"@graph\":[{\"@type\":\"WebPage\",\"@id\":\"https:\/\/mirandalovestravelling.com\/es\/keep-walking-in-la-orotava\/\",\"url\":\"https:\/\/mirandalovestravelling.com\/es\/keep-walking-in-la-orotava\/\",\"name\":\"Seguimos Caminando por La Orotava\",\"isPartOf\":{\"@id\":\"https:\/\/mirandalovestravelling.com\/es\/#website\"},\"datePublished\":\"2019-02-17T08:46:42+00:00\",\"dateModified\":\"2019-02-17T15:35:39+00:00\",\"author\":{\"@id\":\"https:\/\/mirandalovestravelling.com\/es\/#\/schema\/person\/87298ef6c6b6c2d9f8cbd1d0850c2ac8\"},\"description\":\"Voy a seguir hablando sobre nuestras visitas en La Orotava, en el norte de Tenerife, Espa\u00f1a. Luego de la Casa de los Balcones visitamos la Casa del\",\"breadcrumb\":{\"@id\":\"https:\/\/mirandalovestravelling.com\/es\/keep-walking-in-la-orotava\/#breadcrumb\"},\"inLanguage\":\"es\",\"potentialAction\":[{\"@type\":\"ReadAction\",\"target\":[\"https:\/\/mirandalovestravelling.com\/es\/keep-walking-in-la-orotava\/\"]}]},{\"@type\":\"BreadcrumbList\",\"@id\":\"https:\/\/mirandalovestravelling.com\/es\/keep-walking-in-la-orotava\/#breadcrumb\",\"itemListElement\":[{\"@type\":\"ListItem\",\"position\":1,\"name\":\"Home\",\"item\":\"https:\/\/mirandalovestravelling.com\/es\/\"},{\"@type\":\"ListItem\",\"position\":2,\"name\":\"Espa\u00f1a\",\"item\":\"https:\/\/mirandalovestravelling.com\/es\/location\/espana\/\"},{\"@type\":\"ListItem\",\"position\":3,\"name\":\"Tenerife\",\"item\":\"https:\/\/mirandalovestravelling.com\/es\/location\/espana\/tenerife-es\/\"},{\"@type\":\"ListItem\",\"position\":4,\"name\":\"Seguimos Caminando por La Orotava\"}]},{\"@type\":\"WebSite\",\"@id\":\"https:\/\/mirandalovestravelling.com\/es\/#website\",\"url\":\"https:\/\/mirandalovestravelling.com\/es\/\",\"name\":\"Miranda Loves Travelling\",\"description\":\"Mi diario de viaje\",\"potentialAction\":[{\"@type\":\"SearchAction\",\"target\":{\"@type\":\"EntryPoint\",\"urlTemplate\":\"https:\/\/mirandalovestravelling.com\/es\/?s={search_term_string}\"},\"query-input\":\"required name=search_term_string\"}],\"inLanguage\":\"es\"},{\"@type\":\"Person\",\"@id\":\"https:\/\/mirandalovestravelling.com\/es\/#\/schema\/person\/87298ef6c6b6c2d9f8cbd1d0850c2ac8\",\"name\":\"Miranda\",\"image\":{\"@type\":\"ImageObject\",\"inLanguage\":\"es\",\"@id\":\"https:\/\/mirandalovestravelling.com\/es\/#\/schema\/person\/image\/\",\"url\":\"https:\/\/secure.gravatar.com\/avatar\/979d7e5ee6a879380bc5301d98046c08?s=96&r=g\",\"contentUrl\":\"https:\/\/secure.gravatar.com\/avatar\/979d7e5ee6a879380bc5301d98046c08?s=96&r=g\",\"caption\":\"Miranda\"},\"description\":\"We are a couple who love travelling all over the world. Walking in the unknown towns, taking photos and eating local foods are the purpose of our life. When we are not travelling, we are always planning for the next journeys.\"}]}<\/script>","yoast_head_json":{"title":"Seguimos Caminando por La Orotava","description":"Voy a seguir hablando sobre nuestras visitas en La Orotava, en el norte de Tenerife, Espa\u00f1a. Luego de la Casa de los Balcones visitamos la Casa del","robots":{"index":"index","follow":"follow","max-snippet":"max-snippet:-1","max-image-preview":"max-image-preview:large","max-video-preview":"max-video-preview:-1"},"canonical":"https:\/\/mirandalovestravelling.com\/es\/wp-json\/wp\/v2\/posts\/195226","og_locale":"es_ES","og_type":"article","og_title":"Seguimos Caminando por La Orotava","og_description":"Voy a seguir hablando sobre nuestras visitas en La Orotava, en el norte de Tenerife, Espa\u00f1a. Luego de la Casa de los Balcones visitamos la Casa del","og_url":"https:\/\/mirandalovestravelling.com\/es\/keep-walking-in-la-orotava\/","og_site_name":"Miranda Loves Travelling","article_published_time":"2019-02-17T08:46:42+00:00","article_modified_time":"2019-02-17T15:35:39+00:00","og_image":[{"width":1920,"height":1280,"url":"https:\/\/mirandalovestravelling.com\/media\/2019\/01\/La-Orotava-74.jpg","type":"image\/jpeg"}],"author":"Miranda","twitter_card":"summary_large_image","twitter_misc":{"Escrito por":false,"Tiempo de lectura":"2 minutos"},"schema":{"@context":"https:\/\/schema.org","@graph":[{"@type":"WebPage","@id":"https:\/\/mirandalovestravelling.com\/es\/keep-walking-in-la-orotava\/","url":"https:\/\/mirandalovestravelling.com\/es\/keep-walking-in-la-orotava\/","name":"Seguimos Caminando por La Orotava","isPartOf":{"@id":"https:\/\/mirandalovestravelling.com\/es\/#website"},"datePublished":"2019-02-17T08:46:42+00:00","dateModified":"2019-02-17T15:35:39+00:00","author":{"@id":"https:\/\/mirandalovestravelling.com\/es\/#\/schema\/person\/87298ef6c6b6c2d9f8cbd1d0850c2ac8"},"description":"Voy a seguir hablando sobre nuestras visitas en La Orotava, en el norte de Tenerife, Espa\u00f1a. Luego de la Casa de los Balcones visitamos la Casa del","breadcrumb":{"@id":"https:\/\/mirandalovestravelling.com\/es\/keep-walking-in-la-orotava\/#breadcrumb"},"inLanguage":"es","potentialAction":[{"@type":"ReadAction","target":["https:\/\/mirandalovestravelling.com\/es\/keep-walking-in-la-orotava\/"]}]},{"@type":"BreadcrumbList","@id":"https:\/\/mirandalovestravelling.com\/es\/keep-walking-in-la-orotava\/#breadcrumb","itemListElement":[{"@type":"ListItem","position":1,"name":"Home","item":"https:\/\/mirandalovestravelling.com\/es\/"},{"@type":"ListItem","position":2,"name":"Espa\u00f1a","item":"https:\/\/mirandalovestravelling.com\/es\/location\/espana\/"},{"@type":"ListItem","position":3,"name":"Tenerife","item":"https:\/\/mirandalovestravelling.com\/es\/location\/espana\/tenerife-es\/"},{"@type":"ListItem","position":4,"name":"Seguimos Caminando por La Orotava"}]},{"@type":"WebSite","@id":"https:\/\/mirandalovestravelling.com\/es\/#website","url":"https:\/\/mirandalovestravelling.com\/es\/","name":"Miranda Loves Travelling","description":"Mi diario de viaje","potentialAction":[{"@type":"SearchAction","target":{"@type":"EntryPoint","urlTemplate":"https:\/\/mirandalovestravelling.com\/es\/?s={search_term_string}"},"query-input":"required name=search_term_string"}],"inLanguage":"es"},{"@type":"Person","@id":"https:\/\/mirandalovestravelling.com\/es\/#\/schema\/person\/87298ef6c6b6c2d9f8cbd1d0850c2ac8","name":"Miranda","image":{"@type":"ImageObject","inLanguage":"es","@id":"https:\/\/mirandalovestravelling.com\/es\/#\/schema\/person\/image\/","url":"https:\/\/secure.gravatar.com\/avatar\/979d7e5ee6a879380bc5301d98046c08?s=96&r=g","contentUrl":"https:\/\/secure.gravatar.com\/avatar\/979d7e5ee6a879380bc5301d98046c08?s=96&r=g","caption":"Miranda"},"description":"We are a couple who love travelling all over the world. Walking in the unknown towns, taking photos and eating local foods are the purpose of our life. When we are not travelling, we are always planning for the next journeys."}]}},"_links":{"self":[{"href":"https:\/\/mirandalovestravelling.com\/es\/wp-json\/wp\/v2\/posts\/195226"}],"collection":[{"href":"https:\/\/mirandalovestravelling.com\/es\/wp-json\/wp\/v2\/posts"}],"about":[{"href":"https:\/\/mirandalovestravelling.com\/es\/wp-json\/wp\/v2\/types\/post"}],"author":[{"embeddable":true,"href":"https:\/\/mirandalovestravelling.com\/es\/wp-json\/wp\/v2\/users\/10"}],"replies":[{"embeddable":true,"href":"https:\/\/mirandalovestravelling.com\/es\/wp-json\/wp\/v2\/comments?post=195226"}],"version-history":[{"count":0,"href":"https:\/\/mirandalovestravelling.com\/es\/wp-json\/wp\/v2\/posts\/195226\/revisions"}],"wp:featuredmedia":[{"embeddable":true,"href":"https:\/\/mirandalovestravelling.com\/es\/wp-json\/wp\/v2\/media\/194929"}],"wp:attachment":[{"href":"https:\/\/mirandalovestravelling.com\/es\/wp-json\/wp\/v2\/media?parent=195226"}],"wp:term":[{"taxonomy":"category","embeddable":true,"href":"https:\/\/mirandalovestravelling.com\/es\/wp-json\/wp\/v2\/categories?post=195226"},{"taxonomy":"post_tag","embeddable":true,"href":"https:\/\/mirandalovestravelling.com\/es\/wp-json\/wp\/v2\/tags?post=195226"},{"taxonomy":"typology","embeddable":true,"href":"https:\/\/mirandalovestravelling.com\/es\/wp-json\/wp\/v2\/typology?post=195226"}],"curies":[{"name":"wp","href":"https:\/\/api.w.org\/{rel}","templated":true}]}}