{"id":210546,"date":"2020-02-16T08:45:45","date_gmt":"2020-02-16T08:45:45","guid":{"rendered":"https:\/\/mirandalovestravelling.com\/?p=210546"},"modified":"2020-02-14T14:39:16","modified_gmt":"2020-02-14T14:39:16","slug":"meal-at-the-butcher-and-restaurant-and-then-to-orangerie-in-paris","status":"publish","type":"post","link":"https:\/\/mirandalovestravelling.com\/es\/meal-at-the-butcher-and-restaurant-and-then-to-orangerie-in-paris\/","title":{"rendered":"Comida en la carnicer\u00eda y restaurante, y luego hacia Orangerie en Par\u00eds"},"content":{"rendered":"<p>[ Dic.2019 ] En el \u00faltimo d\u00edas de nuestras vacaciones cortas en Par\u00eds fuimos a comer a un restaurante-carnicer\u00eda llamado <strong>Les Provinces Boucherie-Restaurant.<\/strong><\/p>\n<p>Estaba ubicado en el medio de un mercado de comida llamado <strong>Marche d&#8217;Aligre.<\/strong><\/p>\n<figure id=\"attachment_210247\" aria-describedby=\"caption-attachment-210247\" style=\"width: 336px\" class=\"wp-caption alignleft\"><img decoding=\"async\" class=\"wp-image-210247 size-mlt-medium\" src=\"https:\/\/mirandalovestravelling.com\/media\/2016\/08\/Paris-2019-86-336x223.jpg\" alt=\"France-Paris-butcher-restaurant-Les Provinces Boucherie-Restaurant-shoppers\" width=\"336\" height=\"223\" srcset=\"https:\/\/mirandalovestravelling.com\/media\/2016\/08\/Paris-2019-86-336x223.jpg 336w, https:\/\/mirandalovestravelling.com\/media\/2016\/08\/Paris-2019-86-768x509.jpg 768w, https:\/\/mirandalovestravelling.com\/media\/2016\/08\/Paris-2019-86.jpg 1920w\" sizes=\"(max-width: 336px) 100vw, 336px\" \/><figcaption id=\"caption-attachment-210247\" class=\"wp-caption-text\">compradores<\/figcaption><\/figure>\n<p>El espacio para comer era limitado y como solo eramos dos, nos hicieron un lugar en una gran mesa donde hab\u00edan otras personas.<\/p>\n<p>Parec\u00eda un lugar popular y algunas personas hac\u00edan fila para comprar algunas cosas que estaban detr\u00e1s de un vidrio.<\/p>\n<p>No es un lugar relajante pero es muy interesante.<\/p>\n<p>Compartimos una tabla de jam\u00f3n y salame de entrada y como plato principal ambos ordenamos solomillo.<\/p>\n<p>Era una gran porci\u00f3n que casi se sal\u00eda del plato.<\/p>\n<figure id=\"attachment_210267\" aria-describedby=\"caption-attachment-210267\" style=\"width: 336px\" class=\"wp-caption alignright\"><img decoding=\"async\" class=\"wp-image-210267 size-mlt-medium\" src=\"https:\/\/mirandalovestravelling.com\/media\/2016\/08\/Paris-2019-91-336x224.jpg\" alt=\"France-Paris-butcher-restaurant-Les Provinces Boucherie-Restaurant-sirloin steak\" width=\"336\" height=\"224\" srcset=\"https:\/\/mirandalovestravelling.com\/media\/2016\/08\/Paris-2019-91-336x224.jpg 336w, https:\/\/mirandalovestravelling.com\/media\/2016\/08\/Paris-2019-91-768x512.jpg 768w, https:\/\/mirandalovestravelling.com\/media\/2016\/08\/Paris-2019-91.jpg 1920w\" sizes=\"(max-width: 336px) 100vw, 336px\" \/><figcaption id=\"caption-attachment-210267\" class=\"wp-caption-text\">solomillo<\/figcaption><\/figure>\n<p>Para ser honesta el sabor de la carne no era nada especial pero las papas que ven\u00edan de acompa\u00f1amiento me sorprendieron por su gran sabor.<\/p>\n<p>Las opciones de las jarras de vino eran bordeaux o beaujolais y elegimos el primero, pero sab\u00eda algo suave.<\/p>\n<p>Cost\u00f3 \u20ac66.20.<\/p>\n<p>Las personas con las que compart\u00edamos la mesa eran un hombre anciano que podr\u00eda haber sido japon\u00e9s y una madre, tambi\u00e9n oriental, con su hija que era mezcla.<\/p>\n<p>Luego del almuerzo abundante fuimos hacia <strong>el Museo de la Orangerie\u00a0<\/strong>porque los tickets que hab\u00edamos comprado el d\u00eda anterior lo inclu\u00edan.<\/p>\n<figure id=\"attachment_210287\" aria-describedby=\"caption-attachment-210287\" style=\"width: 336px\" class=\"wp-caption alignleft\"><img decoding=\"async\" class=\"wp-image-210287 size-mlt-medium\" src=\"https:\/\/mirandalovestravelling.com\/media\/2016\/08\/Paris-2019-96-336x224.jpg\" alt=\"France-Paris-metro-platform-line 1\" width=\"336\" height=\"224\" srcset=\"https:\/\/mirandalovestravelling.com\/media\/2016\/08\/Paris-2019-96-336x224.jpg 336w, https:\/\/mirandalovestravelling.com\/media\/2016\/08\/Paris-2019-96-768x512.jpg 768w, https:\/\/mirandalovestravelling.com\/media\/2016\/08\/Paris-2019-96.jpg 1920w\" sizes=\"(max-width: 336px) 100vw, 336px\" \/><figcaption id=\"caption-attachment-210287\" class=\"wp-caption-text\">plataforma del Metro<\/figcaption><\/figure>\n<p><strong>Segu\u00edan con las manifestaciones generales en Par\u00eds <\/strong>pero la l\u00ednea principal de metro funcionaba as\u00ed que la usamos.<\/p>\n<p>Tomamos el metro desde Lyon a Concorde y caminamos desde all\u00ed.<\/p>\n<p>No tuvimos que hacer fila para entrar al museo.<\/p>\n<p>Lo principal del museo es la pintura de los nen\u00fafares de Monet pero antes de verla tuvimos que correr al ba\u00f1o del subsuelo.<\/p>\n<p>Para mi gran sorpresa los inodoros eran Washlet (una marca japonesa)<\/p>\n<p>Es la primera vez que los ve\u00eda en espacios p\u00fablicos en Europa y Am\u00e9rica.<\/p>\n<p>Estaba impresionada.<\/p>\n<p>Vimos la exhibici\u00f3n especial primero.<\/p>\n<figure id=\"attachment_210307\" aria-describedby=\"caption-attachment-210307\" style=\"width: 336px\" class=\"wp-caption alignright\"><img decoding=\"async\" class=\"wp-image-210307 size-mlt-medium\" src=\"https:\/\/mirandalovestravelling.com\/media\/2016\/08\/Paris-2019-101-336x224.jpg\" alt=\"France-Paris-Mus\u00e9e de l'Orangerie-special exhibition-Seurat-painting\" width=\"336\" height=\"224\" srcset=\"https:\/\/mirandalovestravelling.com\/media\/2016\/08\/Paris-2019-101-336x224.jpg 336w, https:\/\/mirandalovestravelling.com\/media\/2016\/08\/Paris-2019-101-768x512.jpg 768w, https:\/\/mirandalovestravelling.com\/media\/2016\/08\/Paris-2019-101.jpg 1920w\" sizes=\"(max-width: 336px) 100vw, 336px\" \/><figcaption id=\"caption-attachment-210307\" class=\"wp-caption-text\">pintura famosa de Seurat<\/figcaption><\/figure>\n<p>Era <strong>la colecci\u00f3n de una persona llamada F\u00e9lix F\u00e9n\u00e9on.\u00a0<\/strong><\/p>\n<p>No lo conoc\u00eda pero aparentemente era una gran figura del mundo del arte entre fines del siglo 19 y principios del 20 y <strong>fue la persona que descubri\u00f3 a Seurat, el famoso pintor de puntillismo.\u00a0<\/strong><\/p>\n<p>Las pinturas con puntillismo eran muy lindas y ten\u00edan colores apagados.<\/p>\n<p><strong>Subimos para ver los nen\u00fafares.<\/strong><\/p>\n<p>No recuerdo la cantidad de veces que estuve en el museo pero si recuerdo que la primera vez que vi la pintura estaba muy conmovida.<\/p>\n<figure id=\"attachment_210319\" aria-describedby=\"caption-attachment-210319\" style=\"width: 336px\" class=\"wp-caption alignleft\"><img decoding=\"async\" class=\"wp-image-210319 size-mlt-medium\" src=\"https:\/\/mirandalovestravelling.com\/media\/2016\/08\/Paris-2019-104-336x224.jpg\" alt=\"France-Paris-Mus\u00e9e de l'Orangerie-Monet-'Water Lilies'-people\" width=\"336\" height=\"224\" srcset=\"https:\/\/mirandalovestravelling.com\/media\/2016\/08\/Paris-2019-104-336x224.jpg 336w, https:\/\/mirandalovestravelling.com\/media\/2016\/08\/Paris-2019-104-768x512.jpg 768w, https:\/\/mirandalovestravelling.com\/media\/2016\/08\/Paris-2019-104.jpg 1920w\" sizes=\"(max-width: 336px) 100vw, 336px\" \/><figcaption id=\"caption-attachment-210319\" class=\"wp-caption-text\">la gente disfrutando de los nen\u00fafares<\/figcaption><\/figure>\n<p>Nos obras maestras, \u00bfno les parece?<\/p>\n<figure id=\"attachment_210315\" aria-describedby=\"caption-attachment-210315\" style=\"width: 150px\" class=\"wp-caption alignright\"><img decoding=\"async\" class=\"wp-image-210315 size-thumbnail\" src=\"https:\/\/mirandalovestravelling.com\/media\/2016\/08\/Paris-2019-103-150x150.jpg\" alt=\"France-Paris-Mus\u00e9e de l'Orangerie-Monet-'Water Lilies'-face\" width=\"150\" height=\"150\" \/><figcaption id=\"caption-attachment-210315\" class=\"wp-caption-text\">la \u00abcara\u00bb en la pintura<\/figcaption><\/figure>\n<p>Mi marido estaba muy entusiasmado porque encontr\u00f3 una cara en una de las pinturas.<\/p>\n<p>Bueno, podr\u00eda ser una cara&#8230;<\/p>\n<p>\u00c9l se sinti\u00f3 contento luego de encontrar una p\u00e1gina web que hablaba de la misma \u00abcara\u00bb que \u00e9l hab\u00eda encontrado.<\/p>\n<p>Compr\u00e9 una funda para anteojos en el museo y luego nos fuimos.<\/p>\n<p>&nbsp;<\/p>\n","protected":false},"excerpt":{"rendered":"<p>[ Dic.2019 ] En el \u00faltimo d\u00edas de nuestras vacaciones cortas en Par\u00eds fuimos a comer a un restaurante-carnicer\u00eda llamado Les Provinces Boucherie-Restaurant. Estaba ubicado en el medio de un mercado de comida llamado Marche&#8230;<\/p>\n","protected":false},"author":10,"featured_media":210254,"comment_status":"open","ping_status":"closed","sticky":false,"template":"","format":"standard","meta":{"_relevanssi_hide_post":"","_relevanssi_hide_content":"","_relevanssi_pin_for_all":"","_relevanssi_pin_keywords":"","_relevanssi_unpin_keywords":"","_relevanssi_related_keywords":"","_relevanssi_related_include_ids":"","_relevanssi_related_exclude_ids":"","_relevanssi_related_no_append":"","_relevanssi_related_not_related":"","_relevanssi_related_posts":"","_relevanssi_noindex_reason":""},"categories":[1617,1618],"tags":[],"typology":[1909],"yoast_head":"<title>Comida en la carnicer\u00eda y restaurante, y luego hacia Orangerie en Par\u00eds<\/title>\n<meta name=\"description\" content=\"En el \u00faltimo d\u00edas de nuestras vacaciones cortas en Par\u00eds fuimos a comer a un restaurante-carnicer\u00eda llamado Les Provinces Boucherie-Restaurant. Estaba\" \/>\n<meta name=\"robots\" content=\"index, follow, max-snippet:-1, max-image-preview:large, max-video-preview:-1\" \/>\n<link rel=\"canonical\" href=\"https:\/\/mirandalovestravelling.com\/es\/wp-json\/wp\/v2\/posts\/210546\" \/>\n<meta property=\"og:locale\" content=\"es_ES\" \/>\n<meta property=\"og:type\" content=\"article\" \/>\n<meta property=\"og:title\" content=\"Comida en la carnicer\u00eda y restaurante, y luego hacia Orangerie en Par\u00eds\" \/>\n<meta property=\"og:description\" content=\"En el \u00faltimo d\u00edas de nuestras vacaciones cortas en Par\u00eds fuimos a comer a un restaurante-carnicer\u00eda llamado Les Provinces Boucherie-Restaurant. Estaba\" \/>\n<meta property=\"og:url\" content=\"https:\/\/mirandalovestravelling.com\/es\/meal-at-the-butcher-and-restaurant-and-then-to-orangerie-in-paris\/\" \/>\n<meta property=\"og:site_name\" content=\"Miranda Loves Travelling\" \/>\n<meta property=\"article:published_time\" content=\"2020-02-16T08:45:45+00:00\" \/>\n<meta property=\"article:modified_time\" content=\"2020-02-14T14:39:16+00:00\" \/>\n<meta property=\"og:image\" content=\"https:\/\/mirandalovestravelling.com\/media\/2016\/08\/Paris-2019-87.jpg\" \/>\n\t<meta property=\"og:image:width\" content=\"1920\" \/>\n\t<meta property=\"og:image:height\" content=\"1272\" \/>\n\t<meta property=\"og:image:type\" content=\"image\/jpeg\" \/>\n<meta name=\"author\" content=\"Miranda\" \/>\n<meta name=\"twitter:card\" content=\"summary_large_image\" \/>\n<meta name=\"twitter:label1\" content=\"Escrito por\" \/>\n\t<meta name=\"twitter:data1\" content=\"\" \/>\n\t<meta name=\"twitter:label2\" content=\"Tiempo de lectura\" \/>\n\t<meta name=\"twitter:data2\" content=\"3 minutos\" \/>\n<script type=\"application\/ld+json\" class=\"yoast-schema-graph\">{\"@context\":\"https:\/\/schema.org\",\"@graph\":[{\"@type\":\"WebPage\",\"@id\":\"https:\/\/mirandalovestravelling.com\/es\/meal-at-the-butcher-and-restaurant-and-then-to-orangerie-in-paris\/\",\"url\":\"https:\/\/mirandalovestravelling.com\/es\/meal-at-the-butcher-and-restaurant-and-then-to-orangerie-in-paris\/\",\"name\":\"Comida en la carnicer\u00eda y restaurante, y luego hacia Orangerie en Par\u00eds\",\"isPartOf\":{\"@id\":\"https:\/\/mirandalovestravelling.com\/es\/#website\"},\"datePublished\":\"2020-02-16T08:45:45+00:00\",\"dateModified\":\"2020-02-14T14:39:16+00:00\",\"author\":{\"@id\":\"https:\/\/mirandalovestravelling.com\/es\/#\/schema\/person\/87298ef6c6b6c2d9f8cbd1d0850c2ac8\"},\"description\":\"En el \u00faltimo d\u00edas de nuestras vacaciones cortas en Par\u00eds fuimos a comer a un restaurante-carnicer\u00eda llamado Les Provinces Boucherie-Restaurant. Estaba\",\"breadcrumb\":{\"@id\":\"https:\/\/mirandalovestravelling.com\/es\/meal-at-the-butcher-and-restaurant-and-then-to-orangerie-in-paris\/#breadcrumb\"},\"inLanguage\":\"es\",\"potentialAction\":[{\"@type\":\"ReadAction\",\"target\":[\"https:\/\/mirandalovestravelling.com\/es\/meal-at-the-butcher-and-restaurant-and-then-to-orangerie-in-paris\/\"]}]},{\"@type\":\"BreadcrumbList\",\"@id\":\"https:\/\/mirandalovestravelling.com\/es\/meal-at-the-butcher-and-restaurant-and-then-to-orangerie-in-paris\/#breadcrumb\",\"itemListElement\":[{\"@type\":\"ListItem\",\"position\":1,\"name\":\"Home\",\"item\":\"https:\/\/mirandalovestravelling.com\/es\/\"},{\"@type\":\"ListItem\",\"position\":2,\"name\":\"Francia\",\"item\":\"https:\/\/mirandalovestravelling.com\/es\/location\/francia-es\/\"},{\"@type\":\"ListItem\",\"position\":3,\"name\":\"Par\u00eds\",\"item\":\"https:\/\/mirandalovestravelling.com\/es\/location\/francia-es\/paris-es\/\"},{\"@type\":\"ListItem\",\"position\":4,\"name\":\"Comida en la carnicer\u00eda y restaurante, y luego hacia Orangerie en Par\u00eds\"}]},{\"@type\":\"WebSite\",\"@id\":\"https:\/\/mirandalovestravelling.com\/es\/#website\",\"url\":\"https:\/\/mirandalovestravelling.com\/es\/\",\"name\":\"Miranda Loves Travelling\",\"description\":\"Mi diario de viaje\",\"potentialAction\":[{\"@type\":\"SearchAction\",\"target\":{\"@type\":\"EntryPoint\",\"urlTemplate\":\"https:\/\/mirandalovestravelling.com\/es\/?s={search_term_string}\"},\"query-input\":\"required name=search_term_string\"}],\"inLanguage\":\"es\"},{\"@type\":\"Person\",\"@id\":\"https:\/\/mirandalovestravelling.com\/es\/#\/schema\/person\/87298ef6c6b6c2d9f8cbd1d0850c2ac8\",\"name\":\"Miranda\",\"image\":{\"@type\":\"ImageObject\",\"inLanguage\":\"es\",\"@id\":\"https:\/\/mirandalovestravelling.com\/es\/#\/schema\/person\/image\/\",\"url\":\"https:\/\/secure.gravatar.com\/avatar\/979d7e5ee6a879380bc5301d98046c08?s=96&r=g\",\"contentUrl\":\"https:\/\/secure.gravatar.com\/avatar\/979d7e5ee6a879380bc5301d98046c08?s=96&r=g\",\"caption\":\"Miranda\"},\"description\":\"We are a couple who love travelling all over the world. Walking in the unknown towns, taking photos and eating local foods are the purpose of our life. When we are not travelling, we are always planning for the next journeys.\"}]}<\/script>","yoast_head_json":{"title":"Comida en la carnicer\u00eda y restaurante, y luego hacia Orangerie en Par\u00eds","description":"En el \u00faltimo d\u00edas de nuestras vacaciones cortas en Par\u00eds fuimos a comer a un restaurante-carnicer\u00eda llamado Les Provinces Boucherie-Restaurant. Estaba","robots":{"index":"index","follow":"follow","max-snippet":"max-snippet:-1","max-image-preview":"max-image-preview:large","max-video-preview":"max-video-preview:-1"},"canonical":"https:\/\/mirandalovestravelling.com\/es\/wp-json\/wp\/v2\/posts\/210546","og_locale":"es_ES","og_type":"article","og_title":"Comida en la carnicer\u00eda y restaurante, y luego hacia Orangerie en Par\u00eds","og_description":"En el \u00faltimo d\u00edas de nuestras vacaciones cortas en Par\u00eds fuimos a comer a un restaurante-carnicer\u00eda llamado Les Provinces Boucherie-Restaurant. Estaba","og_url":"https:\/\/mirandalovestravelling.com\/es\/meal-at-the-butcher-and-restaurant-and-then-to-orangerie-in-paris\/","og_site_name":"Miranda Loves Travelling","article_published_time":"2020-02-16T08:45:45+00:00","article_modified_time":"2020-02-14T14:39:16+00:00","og_image":[{"width":1920,"height":1272,"url":"https:\/\/mirandalovestravelling.com\/media\/2016\/08\/Paris-2019-87.jpg","type":"image\/jpeg"}],"author":"Miranda","twitter_card":"summary_large_image","twitter_misc":{"Escrito por":false,"Tiempo de lectura":"3 minutos"},"schema":{"@context":"https:\/\/schema.org","@graph":[{"@type":"WebPage","@id":"https:\/\/mirandalovestravelling.com\/es\/meal-at-the-butcher-and-restaurant-and-then-to-orangerie-in-paris\/","url":"https:\/\/mirandalovestravelling.com\/es\/meal-at-the-butcher-and-restaurant-and-then-to-orangerie-in-paris\/","name":"Comida en la carnicer\u00eda y restaurante, y luego hacia Orangerie en Par\u00eds","isPartOf":{"@id":"https:\/\/mirandalovestravelling.com\/es\/#website"},"datePublished":"2020-02-16T08:45:45+00:00","dateModified":"2020-02-14T14:39:16+00:00","author":{"@id":"https:\/\/mirandalovestravelling.com\/es\/#\/schema\/person\/87298ef6c6b6c2d9f8cbd1d0850c2ac8"},"description":"En el \u00faltimo d\u00edas de nuestras vacaciones cortas en Par\u00eds fuimos a comer a un restaurante-carnicer\u00eda llamado Les Provinces Boucherie-Restaurant. Estaba","breadcrumb":{"@id":"https:\/\/mirandalovestravelling.com\/es\/meal-at-the-butcher-and-restaurant-and-then-to-orangerie-in-paris\/#breadcrumb"},"inLanguage":"es","potentialAction":[{"@type":"ReadAction","target":["https:\/\/mirandalovestravelling.com\/es\/meal-at-the-butcher-and-restaurant-and-then-to-orangerie-in-paris\/"]}]},{"@type":"BreadcrumbList","@id":"https:\/\/mirandalovestravelling.com\/es\/meal-at-the-butcher-and-restaurant-and-then-to-orangerie-in-paris\/#breadcrumb","itemListElement":[{"@type":"ListItem","position":1,"name":"Home","item":"https:\/\/mirandalovestravelling.com\/es\/"},{"@type":"ListItem","position":2,"name":"Francia","item":"https:\/\/mirandalovestravelling.com\/es\/location\/francia-es\/"},{"@type":"ListItem","position":3,"name":"Par\u00eds","item":"https:\/\/mirandalovestravelling.com\/es\/location\/francia-es\/paris-es\/"},{"@type":"ListItem","position":4,"name":"Comida en la carnicer\u00eda y restaurante, y luego hacia Orangerie en Par\u00eds"}]},{"@type":"WebSite","@id":"https:\/\/mirandalovestravelling.com\/es\/#website","url":"https:\/\/mirandalovestravelling.com\/es\/","name":"Miranda Loves Travelling","description":"Mi diario de viaje","potentialAction":[{"@type":"SearchAction","target":{"@type":"EntryPoint","urlTemplate":"https:\/\/mirandalovestravelling.com\/es\/?s={search_term_string}"},"query-input":"required name=search_term_string"}],"inLanguage":"es"},{"@type":"Person","@id":"https:\/\/mirandalovestravelling.com\/es\/#\/schema\/person\/87298ef6c6b6c2d9f8cbd1d0850c2ac8","name":"Miranda","image":{"@type":"ImageObject","inLanguage":"es","@id":"https:\/\/mirandalovestravelling.com\/es\/#\/schema\/person\/image\/","url":"https:\/\/secure.gravatar.com\/avatar\/979d7e5ee6a879380bc5301d98046c08?s=96&r=g","contentUrl":"https:\/\/secure.gravatar.com\/avatar\/979d7e5ee6a879380bc5301d98046c08?s=96&r=g","caption":"Miranda"},"description":"We are a couple who love travelling all over the world. Walking in the unknown towns, taking photos and eating local foods are the purpose of our life. When we are not travelling, we are always planning for the next journeys."}]}},"_links":{"self":[{"href":"https:\/\/mirandalovestravelling.com\/es\/wp-json\/wp\/v2\/posts\/210546"}],"collection":[{"href":"https:\/\/mirandalovestravelling.com\/es\/wp-json\/wp\/v2\/posts"}],"about":[{"href":"https:\/\/mirandalovestravelling.com\/es\/wp-json\/wp\/v2\/types\/post"}],"author":[{"embeddable":true,"href":"https:\/\/mirandalovestravelling.com\/es\/wp-json\/wp\/v2\/users\/10"}],"replies":[{"embeddable":true,"href":"https:\/\/mirandalovestravelling.com\/es\/wp-json\/wp\/v2\/comments?post=210546"}],"version-history":[{"count":0,"href":"https:\/\/mirandalovestravelling.com\/es\/wp-json\/wp\/v2\/posts\/210546\/revisions"}],"wp:featuredmedia":[{"embeddable":true,"href":"https:\/\/mirandalovestravelling.com\/es\/wp-json\/wp\/v2\/media\/210254"}],"wp:attachment":[{"href":"https:\/\/mirandalovestravelling.com\/es\/wp-json\/wp\/v2\/media?parent=210546"}],"wp:term":[{"taxonomy":"category","embeddable":true,"href":"https:\/\/mirandalovestravelling.com\/es\/wp-json\/wp\/v2\/categories?post=210546"},{"taxonomy":"post_tag","embeddable":true,"href":"https:\/\/mirandalovestravelling.com\/es\/wp-json\/wp\/v2\/tags?post=210546"},{"taxonomy":"typology","embeddable":true,"href":"https:\/\/mirandalovestravelling.com\/es\/wp-json\/wp\/v2\/typology?post=210546"}],"curies":[{"name":"wp","href":"https:\/\/api.w.org\/{rel}","templated":true}]}}