{"id":222762,"date":"2021-02-20T08:40:15","date_gmt":"2021-02-20T08:40:15","guid":{"rendered":"https:\/\/mirandalovestravelling.com\/?p=222762"},"modified":"2021-02-28T19:59:36","modified_gmt":"2021-02-28T19:59:36","slug":"el-tram-en-oporto-y-el-oceano-atlantico","status":"publish","type":"post","link":"https:\/\/mirandalovestravelling.com\/es\/el-tram-en-oporto-y-el-oceano-atlantico\/","title":{"rendered":"El tram en Oporto y el Oceano Atlantico"},"content":{"rendered":"<p><img decoding=\"async\" class=\"aligncenter size-full wp-image-220735\" src=\"https:\/\/mirandalovestravelling.com\/media\/2021\/01\/Spanish-version-2021.jpg\" alt=\"\" width=\"668\" height=\"74\" srcset=\"https:\/\/mirandalovestravelling.com\/media\/2021\/01\/Spanish-version-2021.jpg 668w, https:\/\/mirandalovestravelling.com\/media\/2021\/01\/Spanish-version-2021-336x37.jpg 336w\" sizes=\"(max-width: 668px) 100vw, 668px\" \/><\/p>\n<p>[Dic. 2009] Nuestras vacaciones en Oporto, <a href=\"https:\/\/mirandalovestravelling.com\/es\/location\/portugal-es\/\">Portugal,<\/a> fueron muy breves, solo estuvimos dos noches.<\/p>\n<figure id=\"attachment_221965\" aria-describedby=\"caption-attachment-221965\" style=\"width: 336px\" class=\"wp-caption alignright\"><img decoding=\"async\" class=\"wp-image-221965 size-mlt-medium\" src=\"https:\/\/mirandalovestravelling.com\/media\/2021\/02\/Oporto-132-336x226.jpg\" alt=\"tranv\u00eda-Oporto-Portugal\" width=\"336\" height=\"226\" srcset=\"https:\/\/mirandalovestravelling.com\/media\/2021\/02\/Oporto-132-336x226.jpg 336w, https:\/\/mirandalovestravelling.com\/media\/2021\/02\/Oporto-132-768x516.jpg 768w, https:\/\/mirandalovestravelling.com\/media\/2021\/02\/Oporto-132.jpg 1920w\" sizes=\"(max-width: 336px) 100vw, 336px\" \/><figcaption id=\"caption-attachment-221965\" class=\"wp-caption-text\">El tranv\u00eda al cu\u00e1l nos subimos<\/figcaption><\/figure>\n<p>El \u00faltimo d\u00eda disfrutamos paseando por la ciudad hasta la hora del vuelo.<\/p>\n<p>Adem\u00e1s de caminar,<strong> montamos en\u00a0un tranv\u00eda en Oporto ese d\u00eda.<\/strong><\/p>\n<p>Cuando se trata de tranv\u00edas, los antiguos trenes amarillos de Lisboa<a href=\"https:\/\/mirandalovestravelling.com\/es\/tranvia-no-28\/\">, especialmente el n\u00famero 28,<\/a> son famosos, pero tambi\u00e9n hab\u00eda algunos trenes antiguos en Oporto.<\/p>\n<p>Quiz\u00e1s porque era una ma\u00f1ana festiva o porque hac\u00eda mal tiempo, el tranv\u00eda al que nos sub\u00edamos estaba vac\u00edo y pudimos sacar tantas fotos como quisi\u00e9ramos.<\/p>\n<figure id=\"attachment_221961\" aria-describedby=\"caption-attachment-221961\" style=\"width: 336px\" class=\"wp-caption alignleft\"><img decoding=\"async\" class=\"wp-image-221961 size-mlt-medium\" src=\"https:\/\/mirandalovestravelling.com\/media\/2021\/02\/Oporto-131-336x226.jpg\" alt=\"tranv\u00eda-antiguo-Oporto-Portugal\" width=\"336\" height=\"226\" srcset=\"https:\/\/mirandalovestravelling.com\/media\/2021\/02\/Oporto-131-336x226.jpg 336w, https:\/\/mirandalovestravelling.com\/media\/2021\/02\/Oporto-131-768x516.jpg 768w, https:\/\/mirandalovestravelling.com\/media\/2021\/02\/Oporto-131.jpg 1920w\" sizes=\"(max-width: 336px) 100vw, 336px\" \/><figcaption id=\"caption-attachment-221961\" class=\"wp-caption-text\">El encantador ambiente en el antiguo tranv\u00eda de Oporto<\/figcaption><\/figure>\n<p>Sin embargo, las fotos salieron borrosas.<\/p>\n<p>El conductor era una mujer.<\/p>\n<p>El tranv\u00eda<strong> nos llev\u00f3 al cerro que domina el<a href=\"https:\/\/mirandalovestravelling.com\/es\/cruzando-el-puente-dom-luis-i-en-oporto\/\"> Puente Don Luis I<\/a><\/strong> que visitamos el d\u00eda anterior.<\/p>\n<p>Oporto es una ciudad de ladera del r\u00edo Duero, con muchas pendientes y es agotador caminar, pero estas ondulaciones le dan una vista maravillosa.<\/p>\n<p>Hab\u00eda un gran edificio parecido a un monasterio en la colina, pero \u00bfqu\u00e9 era exactamente?<\/p>\n<figure id=\"attachment_222105\" aria-describedby=\"caption-attachment-222105\" style=\"width: 336px\" class=\"wp-caption alignright\"><img decoding=\"async\" class=\"wp-image-222105 size-mlt-medium\" src=\"https:\/\/mirandalovestravelling.com\/media\/2021\/02\/Oporto-167-336x500.jpg\" alt=\"edificio-antiguo-collina-Oporto-Portugal\" width=\"336\" height=\"500\" srcset=\"https:\/\/mirandalovestravelling.com\/media\/2021\/02\/Oporto-167-336x500.jpg 336w, https:\/\/mirandalovestravelling.com\/media\/2021\/02\/Oporto-167-768x1144.jpg 768w, https:\/\/mirandalovestravelling.com\/media\/2021\/02\/Oporto-167.jpg 1835w\" sizes=\"(max-width: 336px) 100vw, 336px\" \/><figcaption id=\"caption-attachment-222105\" class=\"wp-caption-text\">Bajando de la colina mirando hac\u00eda este precioso edificio<\/figcaption><\/figure>\n<p>En este viaje, principalmente caminamos afuera y tomamos fotograf\u00edas, omitiendo los aspectos m\u00e1s destacados como iglesias y museos, por esta raz\u00f3n tenemos que regresar y verificar nuevamente.<\/p>\n<p>Despu\u00e9s de disfrutar de la vista,<strong> bajamos de esta colina y esta vez tomamos un autob\u00fas tur\u00edstico con techo descubierto.<\/strong><\/p>\n<p>Hac\u00eda muy mal tiempo durante estas vacaciones, est\u00e1bamos expuestos al viento fr\u00edo y, aunque era Oporto, ten\u00eda mucho fr\u00edo.<\/p>\n<p>Sin embargo, fue interesante ir al Oc\u00e9ano Atl\u00e1ntico en la desembocadura del r\u00edo Duero por primera vez.<\/p>\n<p>Las vistas de las olas grandes y furiosas tambi\u00e9n fueron emocionantes.<\/p>\n<p>Por supuesto, hay algunas <a href=\"https:\/\/oportoando.com\/playas\/\">playas<\/a>, y se dice que son <strong>perfectas para practicar surf.<\/strong><\/p>\n<p>Por cierto, como escrib\u00ed antes, en la ciudad de Oporto, los edificios que parec\u00edan a punto de derrumbarse eran fotog\u00e9nicos.<\/p>\n<figure id=\"attachment_222177\" aria-describedby=\"caption-attachment-222177\" style=\"width: 336px\" class=\"wp-caption alignleft\"><img decoding=\"async\" class=\"wp-image-222177 size-mlt-medium\" src=\"https:\/\/mirandalovestravelling.com\/media\/2021\/02\/Oporto-185-336x235.jpg\" alt=\"Oc\u00e9ano-Atlantico-Portugal-Oporto\" width=\"336\" height=\"235\" srcset=\"https:\/\/mirandalovestravelling.com\/media\/2021\/02\/Oporto-185-336x235.jpg 336w, https:\/\/mirandalovestravelling.com\/media\/2021\/02\/Oporto-185-768x536.jpg 768w, https:\/\/mirandalovestravelling.com\/media\/2021\/02\/Oporto-185.jpg 1920w\" sizes=\"(max-width: 336px) 100vw, 336px\" \/><figcaption id=\"caption-attachment-222177\" class=\"wp-caption-text\">Las \u00e1speras olas del Oc\u00e9ano Atlantico<\/figcaption><\/figure>\n<p>Los edificios desolados quedaron desatendidos, lo que me hizo preguntarme si la industria del vino de Oporto estaba decayendo y la ciudad era pobre.<\/p>\n<p>Sin embargo, cuando salimos a los suburbios en este autob\u00fas tur\u00edstico, vi mansiones que parec\u00edan de mal gusto alineadas.<\/p>\n<p>Eso me hizo pensar que los edificios de azulejos de la ciudad eran encantadores porque eran viejos, y si es uno nuevo y reluciente, tambi\u00e9n podr\u00eda ser un poco de mal gusto.<\/p>\n<p>En otras palabras, un dise\u00f1o tan llamativo es el gusto de la gente de Oporto.<\/p>\n","protected":false},"excerpt":{"rendered":"<p>[Dic. 2009] Nuestras vacaciones en Oporto, Portugal, fueron muy breves, solo estuvimos dos noches. El \u00faltimo d\u00eda disfrutamos paseando por la ciudad hasta la hora del vuelo. Adem\u00e1s de caminar, montamos en\u00a0un tranv\u00eda en Oporto&#8230;<\/p>\n","protected":false},"author":10,"featured_media":221993,"comment_status":"open","ping_status":"closed","sticky":false,"template":"","format":"standard","meta":{"_relevanssi_hide_post":"","_relevanssi_hide_content":"","_relevanssi_pin_for_all":"","_relevanssi_pin_keywords":"","_relevanssi_unpin_keywords":"","_relevanssi_related_keywords":"","_relevanssi_related_include_ids":"","_relevanssi_related_exclude_ids":"","_relevanssi_related_no_append":"","_relevanssi_related_not_related":"","_relevanssi_related_posts":"","_relevanssi_noindex_reason":""},"categories":[1786,1757],"tags":[],"typology":[1925],"yoast_head":"<title>El tram en Oporto y el Oceano Atlantico<\/title>\n<meta name=\"description\" content=\"Nuestras vacaciones en Oporto, Portugal, fueron muy breves, solo estuvimos dos noches. El \u00faltimo d\u00eda disfrutamos paseando por la ciudad hasta la hora del\" \/>\n<meta name=\"robots\" content=\"index, follow, max-snippet:-1, max-image-preview:large, max-video-preview:-1\" \/>\n<link rel=\"canonical\" href=\"https:\/\/mirandalovestravelling.com\/es\/wp-json\/wp\/v2\/posts\/222762\" \/>\n<meta property=\"og:locale\" content=\"es_ES\" \/>\n<meta property=\"og:type\" content=\"article\" \/>\n<meta property=\"og:title\" content=\"El tram en Oporto y el Oceano Atlantico\" \/>\n<meta property=\"og:description\" content=\"Nuestras vacaciones en Oporto, Portugal, fueron muy breves, solo estuvimos dos noches. El \u00faltimo d\u00eda disfrutamos paseando por la ciudad hasta la hora del\" \/>\n<meta property=\"og:url\" content=\"https:\/\/mirandalovestravelling.com\/es\/el-tram-en-oporto-y-el-oceano-atlantico\/\" \/>\n<meta property=\"og:site_name\" content=\"Miranda Loves Travelling\" \/>\n<meta property=\"article:published_time\" content=\"2021-02-20T08:40:15+00:00\" \/>\n<meta property=\"article:modified_time\" content=\"2021-02-28T19:59:36+00:00\" \/>\n<meta property=\"og:image\" content=\"https:\/\/mirandalovestravelling.com\/media\/2021\/02\/Oporto-139.jpg\" \/>\n\t<meta property=\"og:image:width\" content=\"1920\" \/>\n\t<meta property=\"og:image:height\" content=\"1289\" \/>\n\t<meta property=\"og:image:type\" content=\"image\/jpeg\" \/>\n<meta name=\"author\" content=\"Miranda\" \/>\n<meta name=\"twitter:card\" content=\"summary_large_image\" \/>\n<meta name=\"twitter:label1\" content=\"Escrito por\" \/>\n\t<meta name=\"twitter:data1\" content=\"\" \/>\n\t<meta name=\"twitter:label2\" content=\"Tiempo de lectura\" \/>\n\t<meta name=\"twitter:data2\" content=\"2 minutos\" \/>\n<script type=\"application\/ld+json\" class=\"yoast-schema-graph\">{\"@context\":\"https:\/\/schema.org\",\"@graph\":[{\"@type\":\"WebPage\",\"@id\":\"https:\/\/mirandalovestravelling.com\/es\/el-tram-en-oporto-y-el-oceano-atlantico\/\",\"url\":\"https:\/\/mirandalovestravelling.com\/es\/el-tram-en-oporto-y-el-oceano-atlantico\/\",\"name\":\"El tram en Oporto y el Oceano Atlantico\",\"isPartOf\":{\"@id\":\"https:\/\/mirandalovestravelling.com\/es\/#website\"},\"datePublished\":\"2021-02-20T08:40:15+00:00\",\"dateModified\":\"2021-02-28T19:59:36+00:00\",\"author\":{\"@id\":\"https:\/\/mirandalovestravelling.com\/es\/#\/schema\/person\/87298ef6c6b6c2d9f8cbd1d0850c2ac8\"},\"description\":\"Nuestras vacaciones en Oporto, Portugal, fueron muy breves, solo estuvimos dos noches. El \u00faltimo d\u00eda disfrutamos paseando por la ciudad hasta la hora del\",\"breadcrumb\":{\"@id\":\"https:\/\/mirandalovestravelling.com\/es\/el-tram-en-oporto-y-el-oceano-atlantico\/#breadcrumb\"},\"inLanguage\":\"es\",\"potentialAction\":[{\"@type\":\"ReadAction\",\"target\":[\"https:\/\/mirandalovestravelling.com\/es\/el-tram-en-oporto-y-el-oceano-atlantico\/\"]}]},{\"@type\":\"BreadcrumbList\",\"@id\":\"https:\/\/mirandalovestravelling.com\/es\/el-tram-en-oporto-y-el-oceano-atlantico\/#breadcrumb\",\"itemListElement\":[{\"@type\":\"ListItem\",\"position\":1,\"name\":\"Home\",\"item\":\"https:\/\/mirandalovestravelling.com\/es\/\"},{\"@type\":\"ListItem\",\"position\":2,\"name\":\"Portugal\",\"item\":\"https:\/\/mirandalovestravelling.com\/es\/location\/portugal-es\/\"},{\"@type\":\"ListItem\",\"position\":3,\"name\":\"Oporto\",\"item\":\"https:\/\/mirandalovestravelling.com\/es\/location\/portugal-es\/oporto-es\/\"},{\"@type\":\"ListItem\",\"position\":4,\"name\":\"El tram en Oporto y el Oceano Atlantico\"}]},{\"@type\":\"WebSite\",\"@id\":\"https:\/\/mirandalovestravelling.com\/es\/#website\",\"url\":\"https:\/\/mirandalovestravelling.com\/es\/\",\"name\":\"Miranda Loves Travelling\",\"description\":\"Mi diario de viaje\",\"potentialAction\":[{\"@type\":\"SearchAction\",\"target\":{\"@type\":\"EntryPoint\",\"urlTemplate\":\"https:\/\/mirandalovestravelling.com\/es\/?s={search_term_string}\"},\"query-input\":\"required name=search_term_string\"}],\"inLanguage\":\"es\"},{\"@type\":\"Person\",\"@id\":\"https:\/\/mirandalovestravelling.com\/es\/#\/schema\/person\/87298ef6c6b6c2d9f8cbd1d0850c2ac8\",\"name\":\"Miranda\",\"image\":{\"@type\":\"ImageObject\",\"inLanguage\":\"es\",\"@id\":\"https:\/\/mirandalovestravelling.com\/es\/#\/schema\/person\/image\/\",\"url\":\"https:\/\/secure.gravatar.com\/avatar\/979d7e5ee6a879380bc5301d98046c08?s=96&r=g\",\"contentUrl\":\"https:\/\/secure.gravatar.com\/avatar\/979d7e5ee6a879380bc5301d98046c08?s=96&r=g\",\"caption\":\"Miranda\"},\"description\":\"We are a couple who love travelling all over the world. Walking in the unknown towns, taking photos and eating local foods are the purpose of our life. When we are not travelling, we are always planning for the next journeys.\"}]}<\/script>","yoast_head_json":{"title":"El tram en Oporto y el Oceano Atlantico","description":"Nuestras vacaciones en Oporto, Portugal, fueron muy breves, solo estuvimos dos noches. El \u00faltimo d\u00eda disfrutamos paseando por la ciudad hasta la hora del","robots":{"index":"index","follow":"follow","max-snippet":"max-snippet:-1","max-image-preview":"max-image-preview:large","max-video-preview":"max-video-preview:-1"},"canonical":"https:\/\/mirandalovestravelling.com\/es\/wp-json\/wp\/v2\/posts\/222762","og_locale":"es_ES","og_type":"article","og_title":"El tram en Oporto y el Oceano Atlantico","og_description":"Nuestras vacaciones en Oporto, Portugal, fueron muy breves, solo estuvimos dos noches. El \u00faltimo d\u00eda disfrutamos paseando por la ciudad hasta la hora del","og_url":"https:\/\/mirandalovestravelling.com\/es\/el-tram-en-oporto-y-el-oceano-atlantico\/","og_site_name":"Miranda Loves Travelling","article_published_time":"2021-02-20T08:40:15+00:00","article_modified_time":"2021-02-28T19:59:36+00:00","og_image":[{"width":1920,"height":1289,"url":"https:\/\/mirandalovestravelling.com\/media\/2021\/02\/Oporto-139.jpg","type":"image\/jpeg"}],"author":"Miranda","twitter_card":"summary_large_image","twitter_misc":{"Escrito por":false,"Tiempo de lectura":"2 minutos"},"schema":{"@context":"https:\/\/schema.org","@graph":[{"@type":"WebPage","@id":"https:\/\/mirandalovestravelling.com\/es\/el-tram-en-oporto-y-el-oceano-atlantico\/","url":"https:\/\/mirandalovestravelling.com\/es\/el-tram-en-oporto-y-el-oceano-atlantico\/","name":"El tram en Oporto y el Oceano Atlantico","isPartOf":{"@id":"https:\/\/mirandalovestravelling.com\/es\/#website"},"datePublished":"2021-02-20T08:40:15+00:00","dateModified":"2021-02-28T19:59:36+00:00","author":{"@id":"https:\/\/mirandalovestravelling.com\/es\/#\/schema\/person\/87298ef6c6b6c2d9f8cbd1d0850c2ac8"},"description":"Nuestras vacaciones en Oporto, Portugal, fueron muy breves, solo estuvimos dos noches. El \u00faltimo d\u00eda disfrutamos paseando por la ciudad hasta la hora del","breadcrumb":{"@id":"https:\/\/mirandalovestravelling.com\/es\/el-tram-en-oporto-y-el-oceano-atlantico\/#breadcrumb"},"inLanguage":"es","potentialAction":[{"@type":"ReadAction","target":["https:\/\/mirandalovestravelling.com\/es\/el-tram-en-oporto-y-el-oceano-atlantico\/"]}]},{"@type":"BreadcrumbList","@id":"https:\/\/mirandalovestravelling.com\/es\/el-tram-en-oporto-y-el-oceano-atlantico\/#breadcrumb","itemListElement":[{"@type":"ListItem","position":1,"name":"Home","item":"https:\/\/mirandalovestravelling.com\/es\/"},{"@type":"ListItem","position":2,"name":"Portugal","item":"https:\/\/mirandalovestravelling.com\/es\/location\/portugal-es\/"},{"@type":"ListItem","position":3,"name":"Oporto","item":"https:\/\/mirandalovestravelling.com\/es\/location\/portugal-es\/oporto-es\/"},{"@type":"ListItem","position":4,"name":"El tram en Oporto y el Oceano Atlantico"}]},{"@type":"WebSite","@id":"https:\/\/mirandalovestravelling.com\/es\/#website","url":"https:\/\/mirandalovestravelling.com\/es\/","name":"Miranda Loves Travelling","description":"Mi diario de viaje","potentialAction":[{"@type":"SearchAction","target":{"@type":"EntryPoint","urlTemplate":"https:\/\/mirandalovestravelling.com\/es\/?s={search_term_string}"},"query-input":"required name=search_term_string"}],"inLanguage":"es"},{"@type":"Person","@id":"https:\/\/mirandalovestravelling.com\/es\/#\/schema\/person\/87298ef6c6b6c2d9f8cbd1d0850c2ac8","name":"Miranda","image":{"@type":"ImageObject","inLanguage":"es","@id":"https:\/\/mirandalovestravelling.com\/es\/#\/schema\/person\/image\/","url":"https:\/\/secure.gravatar.com\/avatar\/979d7e5ee6a879380bc5301d98046c08?s=96&r=g","contentUrl":"https:\/\/secure.gravatar.com\/avatar\/979d7e5ee6a879380bc5301d98046c08?s=96&r=g","caption":"Miranda"},"description":"We are a couple who love travelling all over the world. Walking in the unknown towns, taking photos and eating local foods are the purpose of our life. When we are not travelling, we are always planning for the next journeys."}]}},"_links":{"self":[{"href":"https:\/\/mirandalovestravelling.com\/es\/wp-json\/wp\/v2\/posts\/222762"}],"collection":[{"href":"https:\/\/mirandalovestravelling.com\/es\/wp-json\/wp\/v2\/posts"}],"about":[{"href":"https:\/\/mirandalovestravelling.com\/es\/wp-json\/wp\/v2\/types\/post"}],"author":[{"embeddable":true,"href":"https:\/\/mirandalovestravelling.com\/es\/wp-json\/wp\/v2\/users\/10"}],"replies":[{"embeddable":true,"href":"https:\/\/mirandalovestravelling.com\/es\/wp-json\/wp\/v2\/comments?post=222762"}],"version-history":[{"count":0,"href":"https:\/\/mirandalovestravelling.com\/es\/wp-json\/wp\/v2\/posts\/222762\/revisions"}],"wp:featuredmedia":[{"embeddable":true,"href":"https:\/\/mirandalovestravelling.com\/es\/wp-json\/wp\/v2\/media\/221993"}],"wp:attachment":[{"href":"https:\/\/mirandalovestravelling.com\/es\/wp-json\/wp\/v2\/media?parent=222762"}],"wp:term":[{"taxonomy":"category","embeddable":true,"href":"https:\/\/mirandalovestravelling.com\/es\/wp-json\/wp\/v2\/categories?post=222762"},{"taxonomy":"post_tag","embeddable":true,"href":"https:\/\/mirandalovestravelling.com\/es\/wp-json\/wp\/v2\/tags?post=222762"},{"taxonomy":"typology","embeddable":true,"href":"https:\/\/mirandalovestravelling.com\/es\/wp-json\/wp\/v2\/typology?post=222762"}],"curies":[{"name":"wp","href":"https:\/\/api.w.org\/{rel}","templated":true}]}}