{"id":233839,"date":"2021-10-31T08:59:51","date_gmt":"2021-10-31T08:59:51","guid":{"rendered":"https:\/\/mirandalovestravelling.com\/?p=233839"},"modified":"2022-01-08T18:14:09","modified_gmt":"2022-01-08T18:14:09","slug":"la-primera-cosa-que-planeamos-fue-un-corte-de-pelo-de-mi-marido-y-un-poco-de-compra","status":"publish","type":"post","link":"https:\/\/mirandalovestravelling.com\/es\/la-primera-cosa-que-planeamos-fue-un-corte-de-pelo-de-mi-marido-y-un-poco-de-compra\/","title":{"rendered":"La primera cosa que planeamos fue un corte de pelo de mi marido y un poco de compra"},"content":{"rendered":"<p>[Sep. 2021] En la<strong> \u00faltima ma\u00f1ana de nuestras cortas vacaciones en <a href=\"https:\/\/mirandalovestravelling.com\/es\/location\/italia-es\/florencia\/\">Florencia<\/a>, <\/strong>Italia, la vista desde la ventana era borrosa y vaga.<\/p>\n<figure id=\"attachment_231573\" aria-describedby=\"caption-attachment-231573\" style=\"width: 336px\" class=\"wp-caption alignleft\"><img decoding=\"async\" class=\"wp-image-231573 size-mlt-medium\" src=\"https:\/\/mirandalovestravelling.com\/media\/2021\/10\/Firenze-2021-167-336x224.jpg\" alt=\"d\u00eda-nublado-florencia-Italia\" width=\"336\" height=\"224\" srcset=\"https:\/\/mirandalovestravelling.com\/media\/2021\/10\/Firenze-2021-167-336x224.jpg 336w, https:\/\/mirandalovestravelling.com\/media\/2021\/10\/Firenze-2021-167-768x512.jpg 768w, https:\/\/mirandalovestravelling.com\/media\/2021\/10\/Firenze-2021-167-1536x1024.jpg 1536w, https:\/\/mirandalovestravelling.com\/media\/2021\/10\/Firenze-2021-167-2048x1365.jpg 2048w, https:\/\/mirandalovestravelling.com\/media\/2021\/10\/Firenze-2021-167-scaled.jpg 1920w\" sizes=\"(max-width: 336px) 100vw, 336px\" \/><figcaption id=\"caption-attachment-231573\" class=\"wp-caption-text\">El Ponte Vecchio en la niebla fue tambi\u00e9n algo hermoso<\/figcaption><\/figure>\n<p>Esto tambi\u00e9n fue hermoso.<\/p>\n<p>Esta habitaci\u00f3n con vistas al Hotel degli Orafi era realmente agradable.<\/p>\n<p>Despu\u00e9s de hacer el check out, lo primero que planeamos hacer fue el corte de pelo de mi esposo.<\/p>\n<p>Mi marido se corta el pelo a menudo durante nuestras vacaciones.<\/p>\n<p><strong>Fuimos a la peluquer\u00eda justo detr\u00e1s del Palazzo Vecchio<\/strong>, que fue presentado por un polic\u00eda el d\u00eda anterior.<\/p>\n<figure id=\"attachment_231613\" aria-describedby=\"caption-attachment-231613\" style=\"width: 336px\" class=\"wp-caption alignright\"><img decoding=\"async\" class=\"wp-image-231613 size-mlt-medium\" src=\"https:\/\/mirandalovestravelling.com\/media\/2021\/10\/Firenze-2021-177-336x324.jpg\" alt=\"corte-pelo-Florencia-Italia\" width=\"336\" height=\"324\" srcset=\"https:\/\/mirandalovestravelling.com\/media\/2021\/10\/Firenze-2021-177-336x324.jpg 336w, https:\/\/mirandalovestravelling.com\/media\/2021\/10\/Firenze-2021-177-768x740.jpg 768w, https:\/\/mirandalovestravelling.com\/media\/2021\/10\/Firenze-2021-177-1536x1479.jpg 1536w, https:\/\/mirandalovestravelling.com\/media\/2021\/10\/Firenze-2021-177-2048x1972.jpg 2048w, https:\/\/mirandalovestravelling.com\/media\/2021\/10\/Firenze-2021-177-scaled.jpg 1920w\" sizes=\"(max-width: 336px) 100vw, 336px\" \/><figcaption id=\"caption-attachment-231613\" class=\"wp-caption-text\">El movimiento de las manos del barbiere<\/figcaption><\/figure>\n<p>Un barbero de mediana edad, que aparentemente no esperaba que los clientes vinieran por la ma\u00f1ana, cort\u00f3 el cabello de mi esposo, poni\u00e9ndose y quit\u00e1ndose sus lentes amarillos y rojos.<\/p>\n<p>No cort\u00f3 tanto como yo quer\u00eda, por lo que mi esposo no mantendr\u00eda el estilo por mucho tiempo, pero por el momento, se elimin\u00f3 la parte esponjosa.<\/p>\n<p>El costo de <strong>su corte de pelo fue de 13 euros.<\/strong><\/p>\n<p>Despu\u00e9s de su refrescante, lo siguiente son mis compras.<\/p>\n<p>Como todo el mundo sabe, <strong>los productos de cuero son la especialidad de Florencia<\/strong>, pero tambi\u00e9n puedes encontrar lindas papeler\u00edas aqu\u00ed y all\u00e1.<\/p>\n<p>Florencia es conocida por su papel de colores llamado papel de m\u00e1rmol.<\/p>\n<figure id=\"attachment_231629\" aria-describedby=\"caption-attachment-231629\" style=\"width: 336px\" class=\"wp-caption alignleft\"><img decoding=\"async\" class=\"wp-image-231629 size-mlt-medium\" src=\"https:\/\/mirandalovestravelling.com\/media\/2021\/10\/Firenze-2021-181-336x224.jpg\" alt=\"tienda-cuero-Signum-Florencia-Italia\" width=\"336\" height=\"224\" srcset=\"https:\/\/mirandalovestravelling.com\/media\/2021\/10\/Firenze-2021-181-336x224.jpg 336w, https:\/\/mirandalovestravelling.com\/media\/2021\/10\/Firenze-2021-181-768x512.jpg 768w, https:\/\/mirandalovestravelling.com\/media\/2021\/10\/Firenze-2021-181-1536x1024.jpg 1536w, https:\/\/mirandalovestravelling.com\/media\/2021\/10\/Firenze-2021-181-2048x1365.jpg 2048w, https:\/\/mirandalovestravelling.com\/media\/2021\/10\/Firenze-2021-181-scaled.jpg 1920w\" sizes=\"(max-width: 336px) 100vw, 336px\" \/><figcaption id=\"caption-attachment-231629\" class=\"wp-caption-text\">La entrada a la tienda Signum<\/figcaption><\/figure>\n<p>L&#8217;entrata del negozio Signum<\/p>\n<p>Se escribi\u00f3 en Internet que esta es una t\u00e9cnica para dejar caer pintura en la superficie del agua, dibujar un patr\u00f3n y copiarlo en papel.<\/p>\n<p>Se dice que el origen es japon\u00e9s suminagashi,<strong> y lleg\u00f3 a Italia por la Ruta de la Seda.<\/strong><\/p>\n<p>As\u00ed que venden muchos cuadernos y accesorios hechos de papel de m\u00e1rmol en Florencia.<\/p>\n<p>Fuimos a una tienda llamada Signum, que encontramos cerca del Palazzo Vecchio.<\/p>\n<figure id=\"attachment_231617\" aria-describedby=\"caption-attachment-231617\" style=\"width: 336px\" class=\"wp-caption alignright\"><img decoding=\"async\" class=\"wp-image-231617 size-mlt-medium\" src=\"https:\/\/mirandalovestravelling.com\/media\/2021\/10\/Firenze-2021-178-336x479.jpg\" alt=\"Florencia-Toscana-Italia\" width=\"336\" height=\"479\" srcset=\"https:\/\/mirandalovestravelling.com\/media\/2021\/10\/Firenze-2021-178-336x479.jpg 336w, https:\/\/mirandalovestravelling.com\/media\/2021\/10\/Firenze-2021-178-768x1095.jpg 768w, https:\/\/mirandalovestravelling.com\/media\/2021\/10\/Firenze-2021-178-1077x1536.jpg 1077w, https:\/\/mirandalovestravelling.com\/media\/2021\/10\/Firenze-2021-178-1437x2048.jpg 1437w, https:\/\/mirandalovestravelling.com\/media\/2021\/10\/Firenze-2021-178-scaled.jpg 1796w\" sizes=\"(max-width: 336px) 100vw, 336px\" \/><figcaption id=\"caption-attachment-231617\" class=\"wp-caption-text\">Paseando por Florencia<\/figcaption><\/figure>\n<p>Passeggiando en centro a Firenze<\/p>\n<p>Lo not\u00e9 m\u00e1s tarde, pero esta tienda est\u00e1 recomendada en el sitio de Internet.<\/p>\n<p>Lo que quer\u00eda aqu\u00ed era un diario.<\/p>\n<p>Cada a\u00f1o, compro un diario mientras viajo.<\/p>\n<p>Hab\u00eda varios patrones y era dif\u00edcil elegir, pero como resultado, pude comprar el que me gustaba.<\/p>\n<p>Despu\u00e9s de esta compra, tambi\u00e9n compr\u00e9 un bolso que hab\u00eda prometido no comprar esta vez.<\/p>\n<p>Encontr\u00e9 un bolso de cuero de malla que me gusta y no pude resistir.<\/p>\n<p>Aqu\u00ed descubr\u00ed que<strong>, como resultado de la salida del Reino Unido de la UE<\/strong>, las exenciones fiscales tambi\u00e9n se aplican a los viajeros del Reino Unido.<\/p>\n<p>El d\u00eda anterior, en <strong>Le Pelle (tienda de art\u00edculos de cuero)<\/strong>, donde hice una compra m\u00e1s grande, no escuch\u00e9 nada, as\u00ed que no le prest\u00e9 atenci\u00f3n, pero esta tienda de bolsos hab\u00eda preparado el papel de exenci\u00f3n de impuestos correctamente. .<\/p>\n<p>El IVA italiano es del 22%, por lo que vale la pena rellenar el formulario, \u00bfno?<\/p>\n<p>[Sett. 2021]<\/p>\n","protected":false},"excerpt":{"rendered":"<p>[Sep. 2021] En la \u00faltima ma\u00f1ana de nuestras cortas vacaciones en Florencia, Italia, la vista desde la ventana era borrosa y vaga. Esto tambi\u00e9n fue hermoso. Esta habitaci\u00f3n con vistas al Hotel degli Orafi era&#8230;<\/p>\n","protected":false},"author":10,"featured_media":231637,"comment_status":"closed","ping_status":"open","sticky":false,"template":"","format":"standard","meta":{"_relevanssi_hide_post":"","_relevanssi_hide_content":"","_relevanssi_pin_for_all":"","_relevanssi_pin_keywords":"","_relevanssi_unpin_keywords":"","_relevanssi_related_keywords":"","_relevanssi_related_include_ids":"","_relevanssi_related_exclude_ids":"","_relevanssi_related_no_append":"","_relevanssi_related_not_related":"","_relevanssi_related_posts":"","_relevanssi_noindex_reason":""},"categories":[1709,1495],"tags":[],"typology":[1913],"yoast_head":"<title>La primera cosa que planeamos fue un corte de pelo de mi marido y un poco de compra<\/title>\n<meta name=\"description\" content=\"En la \u00faltima ma\u00f1ana de nuestras cortas vacaciones en Florencia, Italia, la vista desde la ventana era borrosa y vaga. Esto tambi\u00e9n fue hermoso. Esta\" \/>\n<meta name=\"robots\" content=\"index, follow, max-snippet:-1, max-image-preview:large, max-video-preview:-1\" \/>\n<link rel=\"canonical\" href=\"https:\/\/mirandalovestravelling.com\/es\/wp-json\/wp\/v2\/posts\/233839\" \/>\n<meta property=\"og:locale\" content=\"es_ES\" \/>\n<meta property=\"og:type\" content=\"article\" \/>\n<meta property=\"og:title\" content=\"La primera cosa que planeamos fue un corte de pelo de mi marido y un poco de compra\" \/>\n<meta property=\"og:description\" content=\"En la \u00faltima ma\u00f1ana de nuestras cortas vacaciones en Florencia, Italia, la vista desde la ventana era borrosa y vaga. Esto tambi\u00e9n fue hermoso. Esta\" \/>\n<meta property=\"og:url\" content=\"https:\/\/mirandalovestravelling.com\/es\/la-primera-cosa-que-planeamos-fue-un-corte-de-pelo-de-mi-marido-y-un-poco-de-compra\/\" \/>\n<meta property=\"og:site_name\" content=\"Miranda Loves Travelling\" \/>\n<meta property=\"article:published_time\" content=\"2021-10-31T08:59:51+00:00\" \/>\n<meta property=\"article:modified_time\" content=\"2022-01-08T18:14:09+00:00\" \/>\n<meta property=\"og:image\" content=\"https:\/\/mirandalovestravelling.com\/media\/2021\/10\/Firenze-2021-183-scaled.jpg\" \/>\n\t<meta property=\"og:image:width\" content=\"1920\" \/>\n\t<meta property=\"og:image:height\" content=\"1280\" \/>\n\t<meta property=\"og:image:type\" content=\"image\/jpeg\" \/>\n<meta name=\"author\" content=\"Miranda\" \/>\n<meta name=\"twitter:card\" content=\"summary_large_image\" \/>\n<meta name=\"twitter:label1\" content=\"Escrito por\" \/>\n\t<meta name=\"twitter:data1\" content=\"\" \/>\n\t<meta name=\"twitter:label2\" content=\"Tiempo de lectura\" \/>\n\t<meta name=\"twitter:data2\" content=\"3 minutos\" \/>\n<script type=\"application\/ld+json\" class=\"yoast-schema-graph\">{\"@context\":\"https:\/\/schema.org\",\"@graph\":[{\"@type\":\"WebPage\",\"@id\":\"https:\/\/mirandalovestravelling.com\/es\/la-primera-cosa-que-planeamos-fue-un-corte-de-pelo-de-mi-marido-y-un-poco-de-compra\/\",\"url\":\"https:\/\/mirandalovestravelling.com\/es\/la-primera-cosa-que-planeamos-fue-un-corte-de-pelo-de-mi-marido-y-un-poco-de-compra\/\",\"name\":\"La primera cosa que planeamos fue un corte de pelo de mi marido y un poco de compra\",\"isPartOf\":{\"@id\":\"https:\/\/mirandalovestravelling.com\/es\/#website\"},\"datePublished\":\"2021-10-31T08:59:51+00:00\",\"dateModified\":\"2022-01-08T18:14:09+00:00\",\"author\":{\"@id\":\"https:\/\/mirandalovestravelling.com\/es\/#\/schema\/person\/87298ef6c6b6c2d9f8cbd1d0850c2ac8\"},\"description\":\"En la \u00faltima ma\u00f1ana de nuestras cortas vacaciones en Florencia, Italia, la vista desde la ventana era borrosa y vaga. Esto tambi\u00e9n fue hermoso. Esta\",\"breadcrumb\":{\"@id\":\"https:\/\/mirandalovestravelling.com\/es\/la-primera-cosa-que-planeamos-fue-un-corte-de-pelo-de-mi-marido-y-un-poco-de-compra\/#breadcrumb\"},\"inLanguage\":\"es\",\"potentialAction\":[{\"@type\":\"ReadAction\",\"target\":[\"https:\/\/mirandalovestravelling.com\/es\/la-primera-cosa-que-planeamos-fue-un-corte-de-pelo-de-mi-marido-y-un-poco-de-compra\/\"]}]},{\"@type\":\"BreadcrumbList\",\"@id\":\"https:\/\/mirandalovestravelling.com\/es\/la-primera-cosa-que-planeamos-fue-un-corte-de-pelo-de-mi-marido-y-un-poco-de-compra\/#breadcrumb\",\"itemListElement\":[{\"@type\":\"ListItem\",\"position\":1,\"name\":\"Home\",\"item\":\"https:\/\/mirandalovestravelling.com\/es\/\"},{\"@type\":\"ListItem\",\"position\":2,\"name\":\"Italia\",\"item\":\"https:\/\/mirandalovestravelling.com\/es\/location\/italia-es\/\"},{\"@type\":\"ListItem\",\"position\":3,\"name\":\"La primera cosa que planeamos fue un corte de pelo de mi marido y un poco de compra\"}]},{\"@type\":\"WebSite\",\"@id\":\"https:\/\/mirandalovestravelling.com\/es\/#website\",\"url\":\"https:\/\/mirandalovestravelling.com\/es\/\",\"name\":\"Miranda Loves Travelling\",\"description\":\"Mi diario de viaje\",\"potentialAction\":[{\"@type\":\"SearchAction\",\"target\":{\"@type\":\"EntryPoint\",\"urlTemplate\":\"https:\/\/mirandalovestravelling.com\/es\/?s={search_term_string}\"},\"query-input\":\"required name=search_term_string\"}],\"inLanguage\":\"es\"},{\"@type\":\"Person\",\"@id\":\"https:\/\/mirandalovestravelling.com\/es\/#\/schema\/person\/87298ef6c6b6c2d9f8cbd1d0850c2ac8\",\"name\":\"Miranda\",\"image\":{\"@type\":\"ImageObject\",\"inLanguage\":\"es\",\"@id\":\"https:\/\/mirandalovestravelling.com\/es\/#\/schema\/person\/image\/\",\"url\":\"https:\/\/secure.gravatar.com\/avatar\/979d7e5ee6a879380bc5301d98046c08?s=96&r=g\",\"contentUrl\":\"https:\/\/secure.gravatar.com\/avatar\/979d7e5ee6a879380bc5301d98046c08?s=96&r=g\",\"caption\":\"Miranda\"},\"description\":\"We are a couple who love travelling all over the world. Walking in the unknown towns, taking photos and eating local foods are the purpose of our life. When we are not travelling, we are always planning for the next journeys.\"}]}<\/script>","yoast_head_json":{"title":"La primera cosa que planeamos fue un corte de pelo de mi marido y un poco de compra","description":"En la \u00faltima ma\u00f1ana de nuestras cortas vacaciones en Florencia, Italia, la vista desde la ventana era borrosa y vaga. Esto tambi\u00e9n fue hermoso. Esta","robots":{"index":"index","follow":"follow","max-snippet":"max-snippet:-1","max-image-preview":"max-image-preview:large","max-video-preview":"max-video-preview:-1"},"canonical":"https:\/\/mirandalovestravelling.com\/es\/wp-json\/wp\/v2\/posts\/233839","og_locale":"es_ES","og_type":"article","og_title":"La primera cosa que planeamos fue un corte de pelo de mi marido y un poco de compra","og_description":"En la \u00faltima ma\u00f1ana de nuestras cortas vacaciones en Florencia, Italia, la vista desde la ventana era borrosa y vaga. Esto tambi\u00e9n fue hermoso. Esta","og_url":"https:\/\/mirandalovestravelling.com\/es\/la-primera-cosa-que-planeamos-fue-un-corte-de-pelo-de-mi-marido-y-un-poco-de-compra\/","og_site_name":"Miranda Loves Travelling","article_published_time":"2021-10-31T08:59:51+00:00","article_modified_time":"2022-01-08T18:14:09+00:00","og_image":[{"width":1920,"height":1280,"url":"https:\/\/mirandalovestravelling.com\/media\/2021\/10\/Firenze-2021-183-scaled.jpg","type":"image\/jpeg"}],"author":"Miranda","twitter_card":"summary_large_image","twitter_misc":{"Escrito por":false,"Tiempo de lectura":"3 minutos"},"schema":{"@context":"https:\/\/schema.org","@graph":[{"@type":"WebPage","@id":"https:\/\/mirandalovestravelling.com\/es\/la-primera-cosa-que-planeamos-fue-un-corte-de-pelo-de-mi-marido-y-un-poco-de-compra\/","url":"https:\/\/mirandalovestravelling.com\/es\/la-primera-cosa-que-planeamos-fue-un-corte-de-pelo-de-mi-marido-y-un-poco-de-compra\/","name":"La primera cosa que planeamos fue un corte de pelo de mi marido y un poco de compra","isPartOf":{"@id":"https:\/\/mirandalovestravelling.com\/es\/#website"},"datePublished":"2021-10-31T08:59:51+00:00","dateModified":"2022-01-08T18:14:09+00:00","author":{"@id":"https:\/\/mirandalovestravelling.com\/es\/#\/schema\/person\/87298ef6c6b6c2d9f8cbd1d0850c2ac8"},"description":"En la \u00faltima ma\u00f1ana de nuestras cortas vacaciones en Florencia, Italia, la vista desde la ventana era borrosa y vaga. Esto tambi\u00e9n fue hermoso. Esta","breadcrumb":{"@id":"https:\/\/mirandalovestravelling.com\/es\/la-primera-cosa-que-planeamos-fue-un-corte-de-pelo-de-mi-marido-y-un-poco-de-compra\/#breadcrumb"},"inLanguage":"es","potentialAction":[{"@type":"ReadAction","target":["https:\/\/mirandalovestravelling.com\/es\/la-primera-cosa-que-planeamos-fue-un-corte-de-pelo-de-mi-marido-y-un-poco-de-compra\/"]}]},{"@type":"BreadcrumbList","@id":"https:\/\/mirandalovestravelling.com\/es\/la-primera-cosa-que-planeamos-fue-un-corte-de-pelo-de-mi-marido-y-un-poco-de-compra\/#breadcrumb","itemListElement":[{"@type":"ListItem","position":1,"name":"Home","item":"https:\/\/mirandalovestravelling.com\/es\/"},{"@type":"ListItem","position":2,"name":"Italia","item":"https:\/\/mirandalovestravelling.com\/es\/location\/italia-es\/"},{"@type":"ListItem","position":3,"name":"La primera cosa que planeamos fue un corte de pelo de mi marido y un poco de compra"}]},{"@type":"WebSite","@id":"https:\/\/mirandalovestravelling.com\/es\/#website","url":"https:\/\/mirandalovestravelling.com\/es\/","name":"Miranda Loves Travelling","description":"Mi diario de viaje","potentialAction":[{"@type":"SearchAction","target":{"@type":"EntryPoint","urlTemplate":"https:\/\/mirandalovestravelling.com\/es\/?s={search_term_string}"},"query-input":"required name=search_term_string"}],"inLanguage":"es"},{"@type":"Person","@id":"https:\/\/mirandalovestravelling.com\/es\/#\/schema\/person\/87298ef6c6b6c2d9f8cbd1d0850c2ac8","name":"Miranda","image":{"@type":"ImageObject","inLanguage":"es","@id":"https:\/\/mirandalovestravelling.com\/es\/#\/schema\/person\/image\/","url":"https:\/\/secure.gravatar.com\/avatar\/979d7e5ee6a879380bc5301d98046c08?s=96&r=g","contentUrl":"https:\/\/secure.gravatar.com\/avatar\/979d7e5ee6a879380bc5301d98046c08?s=96&r=g","caption":"Miranda"},"description":"We are a couple who love travelling all over the world. Walking in the unknown towns, taking photos and eating local foods are the purpose of our life. When we are not travelling, we are always planning for the next journeys."}]}},"_links":{"self":[{"href":"https:\/\/mirandalovestravelling.com\/es\/wp-json\/wp\/v2\/posts\/233839"}],"collection":[{"href":"https:\/\/mirandalovestravelling.com\/es\/wp-json\/wp\/v2\/posts"}],"about":[{"href":"https:\/\/mirandalovestravelling.com\/es\/wp-json\/wp\/v2\/types\/post"}],"author":[{"embeddable":true,"href":"https:\/\/mirandalovestravelling.com\/es\/wp-json\/wp\/v2\/users\/10"}],"replies":[{"embeddable":true,"href":"https:\/\/mirandalovestravelling.com\/es\/wp-json\/wp\/v2\/comments?post=233839"}],"version-history":[{"count":0,"href":"https:\/\/mirandalovestravelling.com\/es\/wp-json\/wp\/v2\/posts\/233839\/revisions"}],"wp:featuredmedia":[{"embeddable":true,"href":"https:\/\/mirandalovestravelling.com\/es\/wp-json\/wp\/v2\/media\/231637"}],"wp:attachment":[{"href":"https:\/\/mirandalovestravelling.com\/es\/wp-json\/wp\/v2\/media?parent=233839"}],"wp:term":[{"taxonomy":"category","embeddable":true,"href":"https:\/\/mirandalovestravelling.com\/es\/wp-json\/wp\/v2\/categories?post=233839"},{"taxonomy":"post_tag","embeddable":true,"href":"https:\/\/mirandalovestravelling.com\/es\/wp-json\/wp\/v2\/tags?post=233839"},{"taxonomy":"typology","embeddable":true,"href":"https:\/\/mirandalovestravelling.com\/es\/wp-json\/wp\/v2\/typology?post=233839"}],"curies":[{"name":"wp","href":"https:\/\/api.w.org\/{rel}","templated":true}]}}