{"id":234227,"date":"2021-11-12T08:32:15","date_gmt":"2021-11-12T08:32:15","guid":{"rendered":"https:\/\/mirandalovestravelling.com\/?p=234227"},"modified":"2022-01-23T19:14:43","modified_gmt":"2022-01-23T19:14:43","slug":"la-vista-del-lago-de-como-desde-la-cima-de-una-montana","status":"publish","type":"post","link":"https:\/\/mirandalovestravelling.com\/es\/la-vista-del-lago-de-como-desde-la-cima-de-una-montana\/","title":{"rendered":"La vista del Lago de Como desde la cima de una monta\u00f1a"},"content":{"rendered":"<p>[Oct. 2021] Durante nuestra estad\u00eda en Seregno en <a href=\"https:\/\/mirandalovestravelling.com\/es\/location\/italia-es\/lombardia-es\/\">Lombard\u00eda<\/a>, Italia, hicimos una excursi\u00f3n con la familia de mi esposo a las <strong>monta\u00f1as sobre el lago de Como.<\/strong><\/p>\n<figure id=\"attachment_231823\" aria-describedby=\"caption-attachment-231823\" style=\"width: 336px\" class=\"wp-caption alignleft\"><img decoding=\"async\" class=\"wp-image-231823 size-mlt-medium\" src=\"https:\/\/mirandalovestravelling.com\/media\/2016\/08\/Monte-San-Primo-2021-1-336x496.jpg\" alt=\"monta\u00f1a-San-Primo-Lago-di-Como-Italia-restaurante\" width=\"336\" height=\"496\" srcset=\"https:\/\/mirandalovestravelling.com\/media\/2016\/08\/Monte-San-Primo-2021-1-336x496.jpg 336w, https:\/\/mirandalovestravelling.com\/media\/2016\/08\/Monte-San-Primo-2021-1-768x1134.jpg 768w, https:\/\/mirandalovestravelling.com\/media\/2016\/08\/Monte-San-Primo-2021-1-1040x1536.jpg 1040w, https:\/\/mirandalovestravelling.com\/media\/2016\/08\/Monte-San-Primo-2021-1-1387x2048.jpg 1387w, https:\/\/mirandalovestravelling.com\/media\/2016\/08\/Monte-San-Primo-2021-1-scaled.jpg 1734w\" sizes=\"(max-width: 336px) 100vw, 336px\" \/><figcaption id=\"caption-attachment-231823\" class=\"wp-caption-text\">Arboles que definen el color de la monta\u00f1a<\/figcaption><\/figure>\n<p>Se trataba del <strong><a href=\"https:\/\/www.comoanditslake.com\/sanprimo.htm\">Monte San Primo<\/a>, de una altura de 1682 metros.<\/strong><\/p>\n<p>Se encuentra a pocos kil\u00f3metros de Bellagio, una hermosa ciudad a orillas del lago de Como.<\/p>\n<p>Aparentemente hay una estaci\u00f3n de esqu\u00ed con dos remontes y una longitud de pista de 5 kil\u00f3metros.<\/p>\n<p>Hay varias rutas que recorren las monta\u00f1as, pero le\u00edmos que necesitas piernas fuertes, por lo que probablemente sea un recorrido dif\u00edcil.<\/p>\n<p>De ninguna manera, no podemos asumir tal desaf\u00edo.<\/p>\n<p>Nuestro prop\u00f3sito era<strong> desfrutar de la vista espectacular del lago de Como y comer en un restaurante en la ladera de la monta\u00f1a, Rifugio Martina.<\/strong><\/p>\n<p>Estacionamos nuestros autos en el \u00faltimo lugar posible para que un auto vaya y caminamos desde all\u00ed.<\/p>\n<p>Fue agradable caminar por un camino de monta\u00f1a con \u00e1rboles.<\/p>\n<p>En el camino, pasamos por unas casas que parec\u00edan ser las segundas casas de la gente urbana.<\/p>\n<p>Con sorpresa,<strong> vi unas Highland Cows.<\/strong><\/p>\n<p>Pens\u00e9 que estas vacas de pelo largo <a href=\"https:\/\/mirandalovestravelling.com\/es\/highland-cows-en-la-magnifica-naturaleza-cerca-de-obam\/\">solo se encontraban en las Tierras Altas de Escocia.<\/a><\/p>\n<figure id=\"attachment_231827\" aria-describedby=\"caption-attachment-231827\" style=\"width: 336px\" class=\"wp-caption alignright\"><img decoding=\"async\" class=\"wp-image-231827 size-mlt-medium\" src=\"https:\/\/mirandalovestravelling.com\/media\/2016\/08\/Monte-San-Primo-2021-2-336x224.jpg\" alt=\"vacas-Italia-naturaleza-Como-Lago\" width=\"336\" height=\"224\" srcset=\"https:\/\/mirandalovestravelling.com\/media\/2016\/08\/Monte-San-Primo-2021-2-336x224.jpg 336w, https:\/\/mirandalovestravelling.com\/media\/2016\/08\/Monte-San-Primo-2021-2-768x512.jpg 768w, https:\/\/mirandalovestravelling.com\/media\/2016\/08\/Monte-San-Primo-2021-2-1536x1024.jpg 1536w, https:\/\/mirandalovestravelling.com\/media\/2016\/08\/Monte-San-Primo-2021-2-2048x1365.jpg 2048w, https:\/\/mirandalovestravelling.com\/media\/2016\/08\/Monte-San-Primo-2021-2-scaled.jpg 1920w\" sizes=\"(max-width: 336px) 100vw, 336px\" \/><figcaption id=\"caption-attachment-231827\" class=\"wp-caption-text\">Highland Cow en Italia<\/figcaption><\/figure>\n<p>Ciertamente el original es de Highland, pero parece que fueron exportados aqu\u00ed y all\u00e1.<\/p>\n<p>La pendiente se hizo empinada en el camino y yo me qued\u00e9 atr\u00e1s de los j\u00f3venes, pero el paisaje desde el lugar donde finalmente llegu\u00e9 era impresionante.<\/p>\n<p><strong>El pueblo que rodeaba el lago de Como centelleaba en la distancia.<\/strong><\/p>\n<p>Desafortunadamente, era un d\u00eda nublado y no estaba muy claro, pero val\u00eda la pena verlo.<\/p>\n<p>El nombre del restaurante, &#8216;rifugio&#8217;, significa refugio y es un albergue de monta\u00f1a donde se detiene la gente que camina por la monta\u00f1a.<\/p>\n<figure id=\"attachment_231843\" aria-describedby=\"caption-attachment-231843\" style=\"width: 336px\" class=\"wp-caption alignleft\"><img decoding=\"async\" class=\"wp-image-231843 size-mlt-medium\" src=\"https:\/\/mirandalovestravelling.com\/media\/2016\/08\/Monte-San-Primo-2021-6-336x224.jpg\" alt=\"rifugio-Martina-Lago-di-Como-Italia-monta\u00f1a-comida-restaurante\" width=\"336\" height=\"224\" srcset=\"https:\/\/mirandalovestravelling.com\/media\/2016\/08\/Monte-San-Primo-2021-6-336x224.jpg 336w, https:\/\/mirandalovestravelling.com\/media\/2016\/08\/Monte-San-Primo-2021-6-768x512.jpg 768w, https:\/\/mirandalovestravelling.com\/media\/2016\/08\/Monte-San-Primo-2021-6-1536x1024.jpg 1536w, https:\/\/mirandalovestravelling.com\/media\/2016\/08\/Monte-San-Primo-2021-6-2048x1365.jpg 2048w, https:\/\/mirandalovestravelling.com\/media\/2016\/08\/Monte-San-Primo-2021-6-scaled.jpg 1920w\" sizes=\"(max-width: 336px) 100vw, 336px\" \/><figcaption id=\"caption-attachment-231843\" class=\"wp-caption-text\">Rifugio Martina en la monta\u00f1a<\/figcaption><\/figure>\n<p>As\u00ed que la comida es sencilla pero de buena calidad.<\/p>\n<p><strong>El plato principal que serv\u00edan era la polenta.<\/strong><\/p>\n<p>Por lo general, se expresa como algo de carne + polenta, pero aqu\u00ed es polenta y ternera, polenta y venado, etc.<\/p>\n<p>Despu\u00e9s de compartir el plato de entrada de un plato de jam\u00f3n y salami, cada uno pidi\u00f3 un plato de polenta.<\/p>\n<p>Mi esposo eligi\u00f3 polenta y Stinco (pierna de cerdo) que se ve\u00edan geniales.<\/p>\n<p>Aparentemente, el sabor tambi\u00e9n era bueno.<\/p>\n<p>Com\u00ed polenta con estofado de ternera y algunos miembros de nuestra familia pidieron carne de venado.<\/p>\n<figure id=\"attachment_231875\" aria-describedby=\"caption-attachment-231875\" style=\"width: 336px\" class=\"wp-caption alignright\"><img decoding=\"async\" class=\"wp-image-231875 size-mlt-medium\" src=\"https:\/\/mirandalovestravelling.com\/media\/2016\/08\/Monte-San-Primo-2021-14-336x224.jpg\" alt=\"comida-polenta-restaurante-Lago-di-Como-Italia-monta\u00f1a\" width=\"336\" height=\"224\" srcset=\"https:\/\/mirandalovestravelling.com\/media\/2016\/08\/Monte-San-Primo-2021-14-336x224.jpg 336w, https:\/\/mirandalovestravelling.com\/media\/2016\/08\/Monte-San-Primo-2021-14-768x512.jpg 768w, https:\/\/mirandalovestravelling.com\/media\/2016\/08\/Monte-San-Primo-2021-14-1536x1024.jpg 1536w, https:\/\/mirandalovestravelling.com\/media\/2016\/08\/Monte-San-Primo-2021-14-2048x1365.jpg 2048w, https:\/\/mirandalovestravelling.com\/media\/2016\/08\/Monte-San-Primo-2021-14-scaled.jpg 1920w\" sizes=\"(max-width: 336px) 100vw, 336px\" \/><figcaption id=\"caption-attachment-231875\" class=\"wp-caption-text\">Polenta y Stinco de aspecto maravilloso<\/figcaption><\/figure>\n<p>Era agradable pero el sabor era simple.<\/p>\n<p><strong>En cuanto a la polenta esencial, ten\u00eda un sabor salvaje.<\/strong><\/p>\n<p>El sabor me record\u00f3 a una hoguera en un albergue de monta\u00f1a en el campo.<\/p>\n<p>Una vez que te acostumbras, puede ser algo que te enganche, pero yo no me he acostumbrado todav\u00eda.<\/p>\n<p>De las 6 personas, 3 comen postre, e incluyendo caf\u00e9 y vino tinto, la factura total fue de solo 125 euros.<\/p>\n<p>Es tan barato y la ubicaci\u00f3n es excelente, por supuesto que es popular.<\/p>\n<figure id=\"attachment_231867\" aria-describedby=\"caption-attachment-231867\" style=\"width: 336px\" class=\"wp-caption alignleft\"><img decoding=\"async\" class=\"wp-image-231867 size-mlt-medium\" src=\"https:\/\/mirandalovestravelling.com\/media\/2016\/08\/Monte-San-Primo-2021-12-336x224.jpg\" alt=\"restaurante-Monte-San-primo-Lago-Di-Como-Italia\" width=\"336\" height=\"224\" srcset=\"https:\/\/mirandalovestravelling.com\/media\/2016\/08\/Monte-San-Primo-2021-12-336x224.jpg 336w, https:\/\/mirandalovestravelling.com\/media\/2016\/08\/Monte-San-Primo-2021-12-768x512.jpg 768w, https:\/\/mirandalovestravelling.com\/media\/2016\/08\/Monte-San-Primo-2021-12-1536x1024.jpg 1536w, https:\/\/mirandalovestravelling.com\/media\/2016\/08\/Monte-San-Primo-2021-12-2048x1365.jpg 2048w, https:\/\/mirandalovestravelling.com\/media\/2016\/08\/Monte-San-Primo-2021-12-scaled.jpg 1920w\" sizes=\"(max-width: 336px) 100vw, 336px\" \/><figcaption id=\"caption-attachment-231867\" class=\"wp-caption-text\">Las mesas al lado se llenaron rapidamente<\/figcaption><\/figure>\n<p>Como nosotros esta vez, es un tipo de restaurante donde las familias se re\u00fanen y comen con un gran n\u00famero de personas, t\u00edpico de Italia, y las mesas se llenaron r\u00e1pidamente tanto en el interior como en el exterior, incluso hab\u00eda gente haciendo cola para sentarse.<\/p>\n<p>Definitivamente es necesario reservar aqu\u00ed.<\/p>\n<p>&nbsp;<\/p>\n<p>&nbsp;<\/p>\n<p>&nbsp;<\/p>\n","protected":false},"excerpt":{"rendered":"<p>[Oct. 2021] Durante nuestra estad\u00eda en Seregno en Lombard\u00eda, Italia, hicimos una excursi\u00f3n con la familia de mi esposo a las monta\u00f1as sobre el lago de Como. Se trataba del Monte San Primo, de una&#8230;<\/p>\n","protected":false},"author":10,"featured_media":231851,"comment_status":"closed","ping_status":"open","sticky":false,"template":"","format":"standard","meta":{"_relevanssi_hide_post":"","_relevanssi_hide_content":"","_relevanssi_pin_for_all":"","_relevanssi_pin_keywords":"","_relevanssi_unpin_keywords":"","_relevanssi_related_keywords":"","_relevanssi_related_include_ids":"","_relevanssi_related_exclude_ids":"","_relevanssi_related_no_append":"","_relevanssi_related_not_related":"","_relevanssi_related_posts":"","_relevanssi_noindex_reason":""},"categories":[1495,1705],"tags":[],"typology":[],"yoast_head":"<title>La vista del Lago de Como desde la cima de una monta\u00f1a<\/title>\n<meta name=\"description\" content=\"Durante nuestra estad\u00eda en Seregno en Lombard\u00eda, Italia, hicimos una excursi\u00f3n con la familia de mi esposo a las monta\u00f1as sobre el lago de Como. Se\" \/>\n<meta name=\"robots\" content=\"index, follow, max-snippet:-1, max-image-preview:large, max-video-preview:-1\" \/>\n<link rel=\"canonical\" href=\"https:\/\/mirandalovestravelling.com\/es\/wp-json\/wp\/v2\/posts\/234227\" \/>\n<meta property=\"og:locale\" content=\"es_ES\" \/>\n<meta property=\"og:type\" content=\"article\" \/>\n<meta property=\"og:title\" content=\"La vista del Lago de Como desde la cima de una monta\u00f1a\" \/>\n<meta property=\"og:description\" content=\"Durante nuestra estad\u00eda en Seregno en Lombard\u00eda, Italia, hicimos una excursi\u00f3n con la familia de mi esposo a las monta\u00f1as sobre el lago de Como. Se\" \/>\n<meta property=\"og:url\" content=\"https:\/\/mirandalovestravelling.com\/es\/la-vista-del-lago-de-como-desde-la-cima-de-una-montana\/\" \/>\n<meta property=\"og:site_name\" content=\"Miranda Loves Travelling\" \/>\n<meta property=\"article:published_time\" content=\"2021-11-12T08:32:15+00:00\" \/>\n<meta property=\"article:modified_time\" content=\"2022-01-23T19:14:43+00:00\" \/>\n<meta property=\"og:image\" content=\"https:\/\/mirandalovestravelling.com\/media\/2016\/08\/Monte-San-Primo-2021-8-scaled.jpg\" \/>\n\t<meta property=\"og:image:width\" content=\"1920\" \/>\n\t<meta property=\"og:image:height\" content=\"1280\" \/>\n\t<meta property=\"og:image:type\" content=\"image\/jpeg\" \/>\n<meta name=\"author\" content=\"Miranda\" \/>\n<meta name=\"twitter:card\" content=\"summary_large_image\" \/>\n<meta name=\"twitter:label1\" content=\"Escrito por\" \/>\n\t<meta name=\"twitter:data1\" content=\"\" \/>\n\t<meta name=\"twitter:label2\" content=\"Tiempo de lectura\" \/>\n\t<meta name=\"twitter:data2\" content=\"3 minutos\" \/>\n<script type=\"application\/ld+json\" class=\"yoast-schema-graph\">{\"@context\":\"https:\/\/schema.org\",\"@graph\":[{\"@type\":\"WebPage\",\"@id\":\"https:\/\/mirandalovestravelling.com\/es\/la-vista-del-lago-de-como-desde-la-cima-de-una-montana\/\",\"url\":\"https:\/\/mirandalovestravelling.com\/es\/la-vista-del-lago-de-como-desde-la-cima-de-una-montana\/\",\"name\":\"La vista del Lago de Como desde la cima de una monta\u00f1a\",\"isPartOf\":{\"@id\":\"https:\/\/mirandalovestravelling.com\/es\/#website\"},\"datePublished\":\"2021-11-12T08:32:15+00:00\",\"dateModified\":\"2022-01-23T19:14:43+00:00\",\"author\":{\"@id\":\"https:\/\/mirandalovestravelling.com\/es\/#\/schema\/person\/87298ef6c6b6c2d9f8cbd1d0850c2ac8\"},\"description\":\"Durante nuestra estad\u00eda en Seregno en Lombard\u00eda, Italia, hicimos una excursi\u00f3n con la familia de mi esposo a las monta\u00f1as sobre el lago de Como. Se\",\"breadcrumb\":{\"@id\":\"https:\/\/mirandalovestravelling.com\/es\/la-vista-del-lago-de-como-desde-la-cima-de-una-montana\/#breadcrumb\"},\"inLanguage\":\"es\",\"potentialAction\":[{\"@type\":\"ReadAction\",\"target\":[\"https:\/\/mirandalovestravelling.com\/es\/la-vista-del-lago-de-como-desde-la-cima-de-una-montana\/\"]}]},{\"@type\":\"BreadcrumbList\",\"@id\":\"https:\/\/mirandalovestravelling.com\/es\/la-vista-del-lago-de-como-desde-la-cima-de-una-montana\/#breadcrumb\",\"itemListElement\":[{\"@type\":\"ListItem\",\"position\":1,\"name\":\"Home\",\"item\":\"https:\/\/mirandalovestravelling.com\/es\/\"},{\"@type\":\"ListItem\",\"position\":2,\"name\":\"Italia\",\"item\":\"https:\/\/mirandalovestravelling.com\/es\/location\/italia-es\/\"},{\"@type\":\"ListItem\",\"position\":3,\"name\":\"Lombard\u00eda\",\"item\":\"https:\/\/mirandalovestravelling.com\/es\/location\/italia-es\/lombardia-es\/\"},{\"@type\":\"ListItem\",\"position\":4,\"name\":\"La vista del Lago de Como desde la cima de una monta\u00f1a\"}]},{\"@type\":\"WebSite\",\"@id\":\"https:\/\/mirandalovestravelling.com\/es\/#website\",\"url\":\"https:\/\/mirandalovestravelling.com\/es\/\",\"name\":\"Miranda Loves Travelling\",\"description\":\"Mi diario de viaje\",\"potentialAction\":[{\"@type\":\"SearchAction\",\"target\":{\"@type\":\"EntryPoint\",\"urlTemplate\":\"https:\/\/mirandalovestravelling.com\/es\/?s={search_term_string}\"},\"query-input\":\"required name=search_term_string\"}],\"inLanguage\":\"es\"},{\"@type\":\"Person\",\"@id\":\"https:\/\/mirandalovestravelling.com\/es\/#\/schema\/person\/87298ef6c6b6c2d9f8cbd1d0850c2ac8\",\"name\":\"Miranda\",\"image\":{\"@type\":\"ImageObject\",\"inLanguage\":\"es\",\"@id\":\"https:\/\/mirandalovestravelling.com\/es\/#\/schema\/person\/image\/\",\"url\":\"https:\/\/secure.gravatar.com\/avatar\/979d7e5ee6a879380bc5301d98046c08?s=96&r=g\",\"contentUrl\":\"https:\/\/secure.gravatar.com\/avatar\/979d7e5ee6a879380bc5301d98046c08?s=96&r=g\",\"caption\":\"Miranda\"},\"description\":\"We are a couple who love travelling all over the world. Walking in the unknown towns, taking photos and eating local foods are the purpose of our life. When we are not travelling, we are always planning for the next journeys.\"}]}<\/script>","yoast_head_json":{"title":"La vista del Lago de Como desde la cima de una monta\u00f1a","description":"Durante nuestra estad\u00eda en Seregno en Lombard\u00eda, Italia, hicimos una excursi\u00f3n con la familia de mi esposo a las monta\u00f1as sobre el lago de Como. Se","robots":{"index":"index","follow":"follow","max-snippet":"max-snippet:-1","max-image-preview":"max-image-preview:large","max-video-preview":"max-video-preview:-1"},"canonical":"https:\/\/mirandalovestravelling.com\/es\/wp-json\/wp\/v2\/posts\/234227","og_locale":"es_ES","og_type":"article","og_title":"La vista del Lago de Como desde la cima de una monta\u00f1a","og_description":"Durante nuestra estad\u00eda en Seregno en Lombard\u00eda, Italia, hicimos una excursi\u00f3n con la familia de mi esposo a las monta\u00f1as sobre el lago de Como. Se","og_url":"https:\/\/mirandalovestravelling.com\/es\/la-vista-del-lago-de-como-desde-la-cima-de-una-montana\/","og_site_name":"Miranda Loves Travelling","article_published_time":"2021-11-12T08:32:15+00:00","article_modified_time":"2022-01-23T19:14:43+00:00","og_image":[{"width":1920,"height":1280,"url":"https:\/\/mirandalovestravelling.com\/media\/2016\/08\/Monte-San-Primo-2021-8-scaled.jpg","type":"image\/jpeg"}],"author":"Miranda","twitter_card":"summary_large_image","twitter_misc":{"Escrito por":false,"Tiempo de lectura":"3 minutos"},"schema":{"@context":"https:\/\/schema.org","@graph":[{"@type":"WebPage","@id":"https:\/\/mirandalovestravelling.com\/es\/la-vista-del-lago-de-como-desde-la-cima-de-una-montana\/","url":"https:\/\/mirandalovestravelling.com\/es\/la-vista-del-lago-de-como-desde-la-cima-de-una-montana\/","name":"La vista del Lago de Como desde la cima de una monta\u00f1a","isPartOf":{"@id":"https:\/\/mirandalovestravelling.com\/es\/#website"},"datePublished":"2021-11-12T08:32:15+00:00","dateModified":"2022-01-23T19:14:43+00:00","author":{"@id":"https:\/\/mirandalovestravelling.com\/es\/#\/schema\/person\/87298ef6c6b6c2d9f8cbd1d0850c2ac8"},"description":"Durante nuestra estad\u00eda en Seregno en Lombard\u00eda, Italia, hicimos una excursi\u00f3n con la familia de mi esposo a las monta\u00f1as sobre el lago de Como. Se","breadcrumb":{"@id":"https:\/\/mirandalovestravelling.com\/es\/la-vista-del-lago-de-como-desde-la-cima-de-una-montana\/#breadcrumb"},"inLanguage":"es","potentialAction":[{"@type":"ReadAction","target":["https:\/\/mirandalovestravelling.com\/es\/la-vista-del-lago-de-como-desde-la-cima-de-una-montana\/"]}]},{"@type":"BreadcrumbList","@id":"https:\/\/mirandalovestravelling.com\/es\/la-vista-del-lago-de-como-desde-la-cima-de-una-montana\/#breadcrumb","itemListElement":[{"@type":"ListItem","position":1,"name":"Home","item":"https:\/\/mirandalovestravelling.com\/es\/"},{"@type":"ListItem","position":2,"name":"Italia","item":"https:\/\/mirandalovestravelling.com\/es\/location\/italia-es\/"},{"@type":"ListItem","position":3,"name":"Lombard\u00eda","item":"https:\/\/mirandalovestravelling.com\/es\/location\/italia-es\/lombardia-es\/"},{"@type":"ListItem","position":4,"name":"La vista del Lago de Como desde la cima de una monta\u00f1a"}]},{"@type":"WebSite","@id":"https:\/\/mirandalovestravelling.com\/es\/#website","url":"https:\/\/mirandalovestravelling.com\/es\/","name":"Miranda Loves Travelling","description":"Mi diario de viaje","potentialAction":[{"@type":"SearchAction","target":{"@type":"EntryPoint","urlTemplate":"https:\/\/mirandalovestravelling.com\/es\/?s={search_term_string}"},"query-input":"required name=search_term_string"}],"inLanguage":"es"},{"@type":"Person","@id":"https:\/\/mirandalovestravelling.com\/es\/#\/schema\/person\/87298ef6c6b6c2d9f8cbd1d0850c2ac8","name":"Miranda","image":{"@type":"ImageObject","inLanguage":"es","@id":"https:\/\/mirandalovestravelling.com\/es\/#\/schema\/person\/image\/","url":"https:\/\/secure.gravatar.com\/avatar\/979d7e5ee6a879380bc5301d98046c08?s=96&r=g","contentUrl":"https:\/\/secure.gravatar.com\/avatar\/979d7e5ee6a879380bc5301d98046c08?s=96&r=g","caption":"Miranda"},"description":"We are a couple who love travelling all over the world. Walking in the unknown towns, taking photos and eating local foods are the purpose of our life. When we are not travelling, we are always planning for the next journeys."}]}},"_links":{"self":[{"href":"https:\/\/mirandalovestravelling.com\/es\/wp-json\/wp\/v2\/posts\/234227"}],"collection":[{"href":"https:\/\/mirandalovestravelling.com\/es\/wp-json\/wp\/v2\/posts"}],"about":[{"href":"https:\/\/mirandalovestravelling.com\/es\/wp-json\/wp\/v2\/types\/post"}],"author":[{"embeddable":true,"href":"https:\/\/mirandalovestravelling.com\/es\/wp-json\/wp\/v2\/users\/10"}],"replies":[{"embeddable":true,"href":"https:\/\/mirandalovestravelling.com\/es\/wp-json\/wp\/v2\/comments?post=234227"}],"version-history":[{"count":0,"href":"https:\/\/mirandalovestravelling.com\/es\/wp-json\/wp\/v2\/posts\/234227\/revisions"}],"wp:featuredmedia":[{"embeddable":true,"href":"https:\/\/mirandalovestravelling.com\/es\/wp-json\/wp\/v2\/media\/231851"}],"wp:attachment":[{"href":"https:\/\/mirandalovestravelling.com\/es\/wp-json\/wp\/v2\/media?parent=234227"}],"wp:term":[{"taxonomy":"category","embeddable":true,"href":"https:\/\/mirandalovestravelling.com\/es\/wp-json\/wp\/v2\/categories?post=234227"},{"taxonomy":"post_tag","embeddable":true,"href":"https:\/\/mirandalovestravelling.com\/es\/wp-json\/wp\/v2\/tags?post=234227"},{"taxonomy":"typology","embeddable":true,"href":"https:\/\/mirandalovestravelling.com\/es\/wp-json\/wp\/v2\/typology?post=234227"}],"curies":[{"name":"wp","href":"https:\/\/api.w.org\/{rel}","templated":true}]}}