{"id":174709,"date":"2018-02-11T09:00:46","date_gmt":"2018-02-11T09:00:46","guid":{"rendered":"https:\/\/mirandalovestravelling.com\/?p=174709"},"modified":"2018-02-11T11:20:45","modified_gmt":"2018-02-11T11:20:45","slug":"il-paese-delle-farchie","status":"publish","type":"post","link":"https:\/\/mirandalovestravelling.com\/it\/il-paese-delle-farchie\/","title":{"rendered":"Il paese delle farchie"},"content":{"rendered":"<p>[Novembre 2017]<\/p>\n<p>Nel nostro\u00a0 breve viaggio in <a href=\"https:\/\/mirandalovestravelling.com\/it\/location\/italia\/abruzzo-it\/\">Abruzzo<\/a>, nell&#8217;<a href=\"https:\/\/mirandalovestravelling.com\/it\/location\/italia\/\">Italia<\/a> centrale il giorno successivo, ci siamo diretti in un piccolo paese di circa 2000 abitanti situato a una trentina di chilometri andando da <a href=\"https:\/\/mirandalovestravelling.com\/it\/pescara-via-roma\/\">Pescara<\/a>, la citt\u00e0 sulla costa dove pernottavamo, verso l&#8217;interno: <strong>Fara Filiorum Petri<\/strong>.<\/p>\n<p><img decoding=\"async\" class=\"alignleft size-mlt-medium wp-image-174230\" src=\"https:\/\/mirandalovestravelling.com\/media\/2018\/01\/Fara-Filiorum-Petri-8-336x224.jpg\" alt=\"\" width=\"336\" height=\"224\" srcset=\"https:\/\/mirandalovestravelling.com\/media\/2018\/01\/Fara-Filiorum-Petri-8-336x224.jpg 336w, https:\/\/mirandalovestravelling.com\/media\/2018\/01\/Fara-Filiorum-Petri-8-768x512.jpg 768w, https:\/\/mirandalovestravelling.com\/media\/2018\/01\/Fara-Filiorum-Petri-8.jpg 1920w\" sizes=\"(max-width: 336px) 100vw, 336px\" \/>Qui ci siamo incontrati con un altro amico.<\/p>\n<p>Lui ci aveva invitato in questo posto perch\u00e9, proprio in questo giorno, era qui per\u00a0 un collegamento video tra i cittadini di Fara e quelli di Sukagawa, una citt\u00e0 nella regione di <a href=\"https:\/\/mirandalovestravelling.com\/it\/location\/giappone\/fukushima-it\/\">Fukushima<\/a> in <a href=\"https:\/\/mirandalovestravelling.com\/it\/location\/giappone\/\">Giappone<\/a>, dove quel giorno s svolgeva<strong> una festa del fuoco<\/strong>.<\/p>\n<p>Sono andata a vedere su internet e ho visto che nella festa del <strong>Taimatsu Akashi<\/strong>, che si svolge da pi\u00f9 di 400 anni vengono accese delle grandi torce alte fino a 10 metri.<\/p>\n<p>Pare sia una delle tre pi\u00f9 importanti <strong>feste del fuoco in Giappone<\/strong>.<\/p>\n<p>Purtroppo quando siamo arrivati noi, le grandi torce gi\u00e0 avevano finito di bruciare.<\/p>\n<p>Il motivo per cui in questo piccolo paese assistevano a questa festa \u00e8 perch\u00e9 anche qui c&#8217;\u00e8 una festa che somiglia moltissimo a quella giapponese.<\/p>\n<p>E&#8217; la <strong>Festa delle Farchie<\/strong> dedicate a <strong>Sant&#8217;Antonio<\/strong> e mentre il <strong>Taimatsu Akashi<\/strong> giapponese si svolge a novembre le <strong>Festa delle Farchie<\/strong> si svolge alla met\u00e0 di gennaio.<img decoding=\"async\" class=\"alignright size-mlt-medium wp-image-174250\" src=\"https:\/\/mirandalovestravelling.com\/media\/2018\/01\/Fara-Filiorum-Petri-13-336x224.jpg\" alt=\"\" width=\"336\" height=\"224\" srcset=\"https:\/\/mirandalovestravelling.com\/media\/2018\/01\/Fara-Filiorum-Petri-13-336x224.jpg 336w, https:\/\/mirandalovestravelling.com\/media\/2018\/01\/Fara-Filiorum-Petri-13-768x512.jpg 768w, https:\/\/mirandalovestravelling.com\/media\/2018\/01\/Fara-Filiorum-Petri-13.jpg 1920w\" sizes=\"(max-width: 336px) 100vw, 336px\" \/><\/p>\n<p>Una professoressa di inglese, che stava assistendo al collegamento video con la festa giapponese, ci ha fatto da guida.<\/p>\n<p>Il tutto \u00e8 iniziato nel 1799.<\/p>\n<p>Quando l&#8217; esercito francese arriv\u00f2 sotto la collina del paese San Antonio apparve nelle vesti di un generale e fece incendiare il bosco di querce circostante. Tra le fiamme i francesi ebbero l&#8217;illusione di vedere una grande armata e si ritirarono.\u00a0\u00a0<strong><img decoding=\"async\" class=\"alignleft size-mlt-medium wp-image-174254\" src=\"https:\/\/mirandalovestravelling.com\/media\/2018\/01\/Fara-Filiorum-Petri-14-336x224.jpg\" alt=\"\" width=\"336\" height=\"224\" srcset=\"https:\/\/mirandalovestravelling.com\/media\/2018\/01\/Fara-Filiorum-Petri-14-336x224.jpg 336w, https:\/\/mirandalovestravelling.com\/media\/2018\/01\/Fara-Filiorum-Petri-14-768x512.jpg 768w, https:\/\/mirandalovestravelling.com\/media\/2018\/01\/Fara-Filiorum-Petri-14.jpg 1920w\" sizes=\"(max-width: 336px) 100vw, 336px\" \/><\/strong><\/p>\n<p>In ricordo di questo episodio gli abitanti del paese accendono delle grandi colonne di canne chiamate farchie.<\/p>\n<p>In un\u00a0 edificio del comune c&#8217;erano delle copie delle farchie e delle foto della festa.<\/p>\n<p>Le grandi torce sono fatte di canne messe insieme e hanno un diametro maggiore di un metro e un&#8217;altezza di 10.<\/p>\n<p>La signora ci ha raccontato che in passato ogni contrada del paese faceva a gara a chi faceva la farchia pi\u00f9 grande, ma negli anni&#8217;70 ci fu un incidente con un morto, e ora le dimensioni delle farchie sono state fissate a 10 metri e ogni anno i carabinieri eseguono un controllo.<\/p>\n<p>Le farchie sono portate coi trattori davanti alla piazza di fronte <strong>alla chiesa di Sant&#8217;Antonio <\/strong>e l\u00ec accese.<\/p>\n<p>Durante la festa si eseguono canzoni popolari e ovviamente si mangia e si beve.<img decoding=\"async\" class=\"alignright size-mlt-medium wp-image-174234\" src=\"https:\/\/mirandalovestravelling.com\/media\/2018\/01\/Fara-Filiorum-Petri-9-336x224.jpg\" alt=\"\" width=\"336\" height=\"224\" srcset=\"https:\/\/mirandalovestravelling.com\/media\/2018\/01\/Fara-Filiorum-Petri-9-336x224.jpg 336w, https:\/\/mirandalovestravelling.com\/media\/2018\/01\/Fara-Filiorum-Petri-9-768x512.jpg 768w, https:\/\/mirandalovestravelling.com\/media\/2018\/01\/Fara-Filiorum-Petri-9.jpg 1920w\" sizes=\"(max-width: 336px) 100vw, 336px\" \/><\/p>\n<p>Gi\u00e0 dal mese dopo la festa, in base anche alla luna, si iniziano a raccogliere le canne per la festa dell&#8217;anno successivo.<\/p>\n<p>E&#8217; un piccolo paese dove l&#8217;et\u00e0 media sembra sia abbastanza alta, ma sembra sia molto conosciuto a <strong>Fukushima in Giappone<\/strong> e ora sono in contatto costantemente per cercare di legarsi come citt\u00e0 gemellate.<\/p>\n<p>Mi piacerebbe assistere una volta a questa festa..<\/p>\n","protected":false},"excerpt":{"rendered":"<p>[Novembre 2017] Nel nostro\u00a0 breve viaggio in Abruzzo, nell&#8217;Italia centrale il giorno successivo, ci siamo diretti in un piccolo paese di circa 2000 abitanti situato a una trentina di chilometri andando da Pescara, la citt\u00e0&#8230;<\/p>\n","protected":false},"author":11,"featured_media":174239,"comment_status":"open","ping_status":"closed","sticky":false,"template":"","format":"standard","meta":{"_relevanssi_hide_post":"","_relevanssi_hide_content":"","_relevanssi_pin_for_all":"","_relevanssi_pin_keywords":"","_relevanssi_unpin_keywords":"","_relevanssi_related_keywords":"","_relevanssi_related_include_ids":"","_relevanssi_related_exclude_ids":"","_relevanssi_related_no_append":"","_relevanssi_related_not_related":"","_relevanssi_related_posts":"","_relevanssi_noindex_reason":""},"categories":[2012,398],"tags":[],"typology":[],"yoast_head":"<title>Il paese delle farchie<\/title>\n<meta name=\"description\" content=\"Nel nostro\u00a0 breve viaggio in Abruzzo, nell&#039;Italia centrale il giorno successivo, ci siamo diretti in un piccolo paese di circa 2000 abitanti situato a una\" \/>\n<meta name=\"robots\" content=\"index, follow, max-snippet:-1, max-image-preview:large, max-video-preview:-1\" \/>\n<link rel=\"canonical\" href=\"https:\/\/mirandalovestravelling.com\/it\/wp-json\/wp\/v2\/posts\/174709\" \/>\n<meta property=\"og:locale\" content=\"it_IT\" \/>\n<meta property=\"og:type\" content=\"article\" \/>\n<meta property=\"og:title\" content=\"Il paese delle farchie\" \/>\n<meta property=\"og:description\" content=\"Nel nostro\u00a0 breve viaggio in Abruzzo, nell&#039;Italia centrale il giorno successivo, ci siamo diretti in un piccolo paese di circa 2000 abitanti situato a una\" \/>\n<meta property=\"og:url\" content=\"https:\/\/mirandalovestravelling.com\/it\/il-paese-delle-farchie\/\" \/>\n<meta property=\"og:site_name\" content=\"Miranda Loves Travelling\" \/>\n<meta property=\"article:published_time\" content=\"2018-02-11T09:00:46+00:00\" \/>\n<meta property=\"article:modified_time\" content=\"2018-02-11T11:20:45+00:00\" \/>\n<meta property=\"og:image\" content=\"https:\/\/mirandalovestravelling.com\/media\/2018\/01\/Fara-Filiorum-Petri-10.jpg\" \/>\n\t<meta property=\"og:image:width\" content=\"1920\" \/>\n\t<meta property=\"og:image:height\" content=\"1280\" \/>\n\t<meta property=\"og:image:type\" content=\"image\/jpeg\" \/>\n<meta name=\"author\" content=\"Miranda\" \/>\n<meta name=\"twitter:card\" content=\"summary_large_image\" \/>\n<meta name=\"twitter:label1\" content=\"Scritto da\" \/>\n\t<meta name=\"twitter:data1\" content=\"\" \/>\n\t<meta name=\"twitter:label2\" content=\"Tempo di lettura stimato\" \/>\n\t<meta name=\"twitter:data2\" content=\"2 minuti\" \/>\n<script type=\"application\/ld+json\" class=\"yoast-schema-graph\">{\"@context\":\"https:\/\/schema.org\",\"@graph\":[{\"@type\":\"WebPage\",\"@id\":\"https:\/\/mirandalovestravelling.com\/it\/il-paese-delle-farchie\/\",\"url\":\"https:\/\/mirandalovestravelling.com\/it\/il-paese-delle-farchie\/\",\"name\":\"Il paese delle farchie\",\"isPartOf\":{\"@id\":\"https:\/\/mirandalovestravelling.com\/it\/#website\"},\"datePublished\":\"2018-02-11T09:00:46+00:00\",\"dateModified\":\"2018-02-11T11:20:45+00:00\",\"author\":{\"@id\":\"https:\/\/mirandalovestravelling.com\/it\/#\/schema\/person\/cd44a395321ccb8220a349214e003686\"},\"description\":\"Nel nostro\u00a0 breve viaggio in Abruzzo, nell'Italia centrale il giorno successivo, ci siamo diretti in un piccolo paese di circa 2000 abitanti situato a una\",\"breadcrumb\":{\"@id\":\"https:\/\/mirandalovestravelling.com\/it\/il-paese-delle-farchie\/#breadcrumb\"},\"inLanguage\":\"it-IT\",\"potentialAction\":[{\"@type\":\"ReadAction\",\"target\":[\"https:\/\/mirandalovestravelling.com\/it\/il-paese-delle-farchie\/\"]}]},{\"@type\":\"BreadcrumbList\",\"@id\":\"https:\/\/mirandalovestravelling.com\/it\/il-paese-delle-farchie\/#breadcrumb\",\"itemListElement\":[{\"@type\":\"ListItem\",\"position\":1,\"name\":\"Home\",\"item\":\"https:\/\/mirandalovestravelling.com\/it\/\"},{\"@type\":\"ListItem\",\"position\":2,\"name\":\"Italia\",\"item\":\"https:\/\/mirandalovestravelling.com\/it\/location\/italia\/\"},{\"@type\":\"ListItem\",\"position\":3,\"name\":\"Abruzzo\",\"item\":\"https:\/\/mirandalovestravelling.com\/it\/location\/italia\/abruzzo-it\/\"},{\"@type\":\"ListItem\",\"position\":4,\"name\":\"Il paese delle farchie\"}]},{\"@type\":\"WebSite\",\"@id\":\"https:\/\/mirandalovestravelling.com\/it\/#website\",\"url\":\"https:\/\/mirandalovestravelling.com\/it\/\",\"name\":\"Miranda Loves Travelling\",\"description\":\"My Travel Diary\",\"potentialAction\":[{\"@type\":\"SearchAction\",\"target\":{\"@type\":\"EntryPoint\",\"urlTemplate\":\"https:\/\/mirandalovestravelling.com\/it\/?s={search_term_string}\"},\"query-input\":\"required name=search_term_string\"}],\"inLanguage\":\"it-IT\"},{\"@type\":\"Person\",\"@id\":\"https:\/\/mirandalovestravelling.com\/it\/#\/schema\/person\/cd44a395321ccb8220a349214e003686\",\"name\":\"Miranda\",\"image\":{\"@type\":\"ImageObject\",\"inLanguage\":\"it-IT\",\"@id\":\"https:\/\/mirandalovestravelling.com\/it\/#\/schema\/person\/image\/\",\"url\":\"https:\/\/secure.gravatar.com\/avatar\/2020e5ef75dc730a8fbc1b656ea876e7?s=96&r=g\",\"contentUrl\":\"https:\/\/secure.gravatar.com\/avatar\/2020e5ef75dc730a8fbc1b656ea876e7?s=96&r=g\",\"caption\":\"Miranda\"},\"description\":\"We are a couple who love travelling all over the world. Walking in the unknown towns, taking photos and eating local foods are the purpose of our life. When we are not travelling, we are always planning for the next journeys.\",\"sameAs\":[\"https:\/\/mirandalovestravelling.com\"]}]}<\/script>","yoast_head_json":{"title":"Il paese delle farchie","description":"Nel nostro\u00a0 breve viaggio in Abruzzo, nell'Italia centrale il giorno successivo, ci siamo diretti in un piccolo paese di circa 2000 abitanti situato a una","robots":{"index":"index","follow":"follow","max-snippet":"max-snippet:-1","max-image-preview":"max-image-preview:large","max-video-preview":"max-video-preview:-1"},"canonical":"https:\/\/mirandalovestravelling.com\/it\/wp-json\/wp\/v2\/posts\/174709","og_locale":"it_IT","og_type":"article","og_title":"Il paese delle farchie","og_description":"Nel nostro\u00a0 breve viaggio in Abruzzo, nell'Italia centrale il giorno successivo, ci siamo diretti in un piccolo paese di circa 2000 abitanti situato a una","og_url":"https:\/\/mirandalovestravelling.com\/it\/il-paese-delle-farchie\/","og_site_name":"Miranda Loves Travelling","article_published_time":"2018-02-11T09:00:46+00:00","article_modified_time":"2018-02-11T11:20:45+00:00","og_image":[{"width":1920,"height":1280,"url":"https:\/\/mirandalovestravelling.com\/media\/2018\/01\/Fara-Filiorum-Petri-10.jpg","type":"image\/jpeg"}],"author":"Miranda","twitter_card":"summary_large_image","twitter_misc":{"Scritto da":false,"Tempo di lettura stimato":"2 minuti"},"schema":{"@context":"https:\/\/schema.org","@graph":[{"@type":"WebPage","@id":"https:\/\/mirandalovestravelling.com\/it\/il-paese-delle-farchie\/","url":"https:\/\/mirandalovestravelling.com\/it\/il-paese-delle-farchie\/","name":"Il paese delle farchie","isPartOf":{"@id":"https:\/\/mirandalovestravelling.com\/it\/#website"},"datePublished":"2018-02-11T09:00:46+00:00","dateModified":"2018-02-11T11:20:45+00:00","author":{"@id":"https:\/\/mirandalovestravelling.com\/it\/#\/schema\/person\/cd44a395321ccb8220a349214e003686"},"description":"Nel nostro\u00a0 breve viaggio in Abruzzo, nell'Italia centrale il giorno successivo, ci siamo diretti in un piccolo paese di circa 2000 abitanti situato a una","breadcrumb":{"@id":"https:\/\/mirandalovestravelling.com\/it\/il-paese-delle-farchie\/#breadcrumb"},"inLanguage":"it-IT","potentialAction":[{"@type":"ReadAction","target":["https:\/\/mirandalovestravelling.com\/it\/il-paese-delle-farchie\/"]}]},{"@type":"BreadcrumbList","@id":"https:\/\/mirandalovestravelling.com\/it\/il-paese-delle-farchie\/#breadcrumb","itemListElement":[{"@type":"ListItem","position":1,"name":"Home","item":"https:\/\/mirandalovestravelling.com\/it\/"},{"@type":"ListItem","position":2,"name":"Italia","item":"https:\/\/mirandalovestravelling.com\/it\/location\/italia\/"},{"@type":"ListItem","position":3,"name":"Abruzzo","item":"https:\/\/mirandalovestravelling.com\/it\/location\/italia\/abruzzo-it\/"},{"@type":"ListItem","position":4,"name":"Il paese delle farchie"}]},{"@type":"WebSite","@id":"https:\/\/mirandalovestravelling.com\/it\/#website","url":"https:\/\/mirandalovestravelling.com\/it\/","name":"Miranda Loves Travelling","description":"My Travel Diary","potentialAction":[{"@type":"SearchAction","target":{"@type":"EntryPoint","urlTemplate":"https:\/\/mirandalovestravelling.com\/it\/?s={search_term_string}"},"query-input":"required name=search_term_string"}],"inLanguage":"it-IT"},{"@type":"Person","@id":"https:\/\/mirandalovestravelling.com\/it\/#\/schema\/person\/cd44a395321ccb8220a349214e003686","name":"Miranda","image":{"@type":"ImageObject","inLanguage":"it-IT","@id":"https:\/\/mirandalovestravelling.com\/it\/#\/schema\/person\/image\/","url":"https:\/\/secure.gravatar.com\/avatar\/2020e5ef75dc730a8fbc1b656ea876e7?s=96&r=g","contentUrl":"https:\/\/secure.gravatar.com\/avatar\/2020e5ef75dc730a8fbc1b656ea876e7?s=96&r=g","caption":"Miranda"},"description":"We are a couple who love travelling all over the world. Walking in the unknown towns, taking photos and eating local foods are the purpose of our life. When we are not travelling, we are always planning for the next journeys.","sameAs":["https:\/\/mirandalovestravelling.com"]}]}},"_links":{"self":[{"href":"https:\/\/mirandalovestravelling.com\/it\/wp-json\/wp\/v2\/posts\/174709"}],"collection":[{"href":"https:\/\/mirandalovestravelling.com\/it\/wp-json\/wp\/v2\/posts"}],"about":[{"href":"https:\/\/mirandalovestravelling.com\/it\/wp-json\/wp\/v2\/types\/post"}],"author":[{"embeddable":true,"href":"https:\/\/mirandalovestravelling.com\/it\/wp-json\/wp\/v2\/users\/11"}],"replies":[{"embeddable":true,"href":"https:\/\/mirandalovestravelling.com\/it\/wp-json\/wp\/v2\/comments?post=174709"}],"version-history":[{"count":0,"href":"https:\/\/mirandalovestravelling.com\/it\/wp-json\/wp\/v2\/posts\/174709\/revisions"}],"wp:featuredmedia":[{"embeddable":true,"href":"https:\/\/mirandalovestravelling.com\/it\/wp-json\/wp\/v2\/media\/174239"}],"wp:attachment":[{"href":"https:\/\/mirandalovestravelling.com\/it\/wp-json\/wp\/v2\/media?parent=174709"}],"wp:term":[{"taxonomy":"category","embeddable":true,"href":"https:\/\/mirandalovestravelling.com\/it\/wp-json\/wp\/v2\/categories?post=174709"},{"taxonomy":"post_tag","embeddable":true,"href":"https:\/\/mirandalovestravelling.com\/it\/wp-json\/wp\/v2\/tags?post=174709"},{"taxonomy":"typology","embeddable":true,"href":"https:\/\/mirandalovestravelling.com\/it\/wp-json\/wp\/v2\/typology?post=174709"}],"curies":[{"name":"wp","href":"https:\/\/api.w.org\/{rel}","templated":true}]}}