{"id":182907,"date":"2018-07-21T09:00:31","date_gmt":"2018-07-21T09:00:31","guid":{"rendered":"https:\/\/mirandalovestravelling.com\/?p=182907"},"modified":"2021-01-09T10:02:21","modified_gmt":"2021-01-09T10:02:21","slug":"pranzo-a-zemun","status":"publish","type":"post","link":"https:\/\/mirandalovestravelling.com\/it\/pranzo-a-zemun\/","title":{"rendered":"Pranzo a Zemun un quartiere storico di Belgrado"},"content":{"rendered":"<p>Alla fine della nostra visita a Zemun un quartiere storico di Belgrado, la capitale della <a href=\"https:\/\/mirandalovestravelling.com\/it\/location\/serbia-it\/\">Serbia<\/a>, siamo saliti sulla collina detta di <strong>Gardos<\/strong>, dove prima c&#8217;era un&#8217;importante fortezza.<\/p>\n<p>Costruita nel nono secolo, ora non ne resta pi\u00f9 nulla, c&#8217;\u00e8, per\u00f2, una torre detta <strong>Torre del millennio<\/strong>.<\/p>\n<figure id=\"attachment_182147\" aria-describedby=\"caption-attachment-182147\" style=\"width: 336px\" class=\"wp-caption alignleft\"><img decoding=\"async\" class=\"wp-image-182147 size-mlt-medium\" title=\"La Torre di Gardos a Belgrado\" src=\"https:\/\/mirandalovestravelling.com\/media\/2018\/06\/Zemun-10-336x507.jpg\" alt=\"torre-di-gardos-belgrado-capitale-serbia\" width=\"336\" height=\"507\" srcset=\"https:\/\/mirandalovestravelling.com\/media\/2018\/06\/Zemun-10-336x507.jpg 336w, https:\/\/mirandalovestravelling.com\/media\/2018\/06\/Zemun-10-768x1160.jpg 768w, https:\/\/mirandalovestravelling.com\/media\/2018\/06\/Zemun-10.jpg 954w\" sizes=\"(max-width: 336px) 100vw, 336px\" \/><figcaption id=\"caption-attachment-182147\" class=\"wp-caption-text\">Torre di Gardos<\/figcaption><\/figure>\n<p>Questa fu costruita dagli ungheresi nel 1869 per celebrare\u00a0 mille anni del loro regno.<\/p>\n<p>Questa torre \u00e8 anche chiamata <strong>Torre di Gardos<\/strong> dal nome della collina o anche torre di <strong>Sibinjanin Janko<\/strong>, ma non ne so il perch\u00e9.<\/p>\n<p>Si poteva salire anche sulla torre, ma noi gi\u00e0 eravamo stanchi per la salita e faceva molto caldo, cos\u00ec ci siamo limitati a goderci il panorama dalla cima della collina.<\/p>\n<p>C&#8217;\u00e8 un&#8217;isola nel <strong>Danubio<\/strong> tra qui e la parte vecchia di <a href=\"https:\/\/mirandalovestravelling.com\/it\/a-belgrado\/\">Belgrado<\/a>.<\/p>\n<figure id=\"attachment_182139\" aria-describedby=\"caption-attachment-182139\" style=\"width: 336px\" class=\"wp-caption alignright\"><img decoding=\"async\" class=\"wp-image-182139 size-mlt-medium\" title=\"Case a Zemun\" src=\"https:\/\/mirandalovestravelling.com\/media\/2018\/06\/Zemun-8-336x223.jpg\" alt=\"zemun-belgrado-capitale-serbia\" width=\"336\" height=\"223\" srcset=\"https:\/\/mirandalovestravelling.com\/media\/2018\/06\/Zemun-8-336x223.jpg 336w, https:\/\/mirandalovestravelling.com\/media\/2018\/06\/Zemun-8-768x509.jpg 768w, https:\/\/mirandalovestravelling.com\/media\/2018\/06\/Zemun-8.jpg 1920w\" sizes=\"(max-width: 336px) 100vw, 336px\" \/><figcaption id=\"caption-attachment-182139\" class=\"wp-caption-text\">Il quartiere di Zemun a Belgrado<\/figcaption><\/figure>\n<p>A un certo punto per costruire la <strong>Nuova Belgrado<\/strong> si era pensato di utilizzare il terreno di quest&#8217;isola, ma la sua composizione non era adatta allo scopo, cos\u00ec si era lasciata l&#8217;isola cos\u00ec com&#8217;era.<\/p>\n<p>La nostra guida Marge ci ha detto che \u00e8 stato un bene che sia rimasta, infatti dopo si \u00e8 capito che ci vivevano <strong>specie rare di uccelli ed \u00e8 diventata una riserva naturale protetta<\/strong>.<\/p>\n<p>Per andare sulla collina eravamo saliti per una scalinata, a scendere abbiamo seguito una comoda strada un po&#8217; in discesa.<\/p>\n<p>Scendendo abbiamo parlato con Marge dell&#8217;auto Serba Zastana che si rompe e ammacca facilmente.<\/p>\n<figure id=\"attachment_182220\" aria-describedby=\"caption-attachment-182220\" style=\"width: 336px\" class=\"wp-caption alignleft\"><img decoding=\"async\" class=\"wp-image-182220 size-mlt-medium\" title=\"Zastava rossa\" src=\"https:\/\/mirandalovestravelling.com\/media\/2018\/06\/Zemun-28-336x224.jpg\" alt=\"zemun-belgrado-zastava-rossa\" width=\"336\" height=\"224\" srcset=\"https:\/\/mirandalovestravelling.com\/media\/2018\/06\/Zemun-28-336x224.jpg 336w, https:\/\/mirandalovestravelling.com\/media\/2018\/06\/Zemun-28-768x512.jpg 768w, https:\/\/mirandalovestravelling.com\/media\/2018\/06\/Zemun-28.jpg 1920w\" sizes=\"(max-width: 336px) 100vw, 336px\" \/><figcaption id=\"caption-attachment-182220\" class=\"wp-caption-text\">Una vecchia Zastava rossa a Zemun<\/figcaption><\/figure>\n<p>Una macchina rossa ferma lungo la strada era una di queste.<\/p>\n<p>La <strong>Lada<\/strong> in Russia, la <strong>Dacia<\/strong> in Romania e la <strong>Trabant<\/strong> nella Germania dell&#8217;est erano tutte famose, ma non avevo mai sentito parlare della <a href=\"https:\/\/it.wikipedia.org\/wiki\/FCA_Srbija\" target=\"_blank\" rel=\"noopener noreferrer\"><strong>Zastava<\/strong><\/a> e l&#8217;ho cercata su internet.<\/p>\n<p>In passato questa&#8217;auto era venduta anche in occidente col nome di Yugo. Ho l&#8217;impressione di aver visto spesso la Yugo in Inghilterra.<\/p>\n<p>Siamo arrivati fino gi\u00f9 al fiume.<\/p>\n<p>Lungo il fiume c&#8217;erano molti ristoranti.<\/p>\n<p>Marge ci ha detto che questa \u00e8 chiamata &#8220;<strong>Area Bohema<\/strong>&#8220;.<\/p>\n<figure id=\"attachment_182237\" aria-describedby=\"caption-attachment-182237\" style=\"width: 336px\" class=\"wp-caption alignright\"><img decoding=\"async\" class=\"wp-image-182237 size-mlt-medium\" title=\"Vino a Belgrado capitale Serbia\" src=\"https:\/\/mirandalovestravelling.com\/media\/2018\/06\/Zemun-32-336x504.jpg\" alt=\"serbia-belgrado-vino-ranovanovic\" width=\"336\" height=\"504\" srcset=\"https:\/\/mirandalovestravelling.com\/media\/2018\/06\/Zemun-32-336x504.jpg 336w, https:\/\/mirandalovestravelling.com\/media\/2018\/06\/Zemun-32-768x1152.jpg 768w, https:\/\/mirandalovestravelling.com\/media\/2018\/06\/Zemun-32.jpg 960w\" sizes=\"(max-width: 336px) 100vw, 336px\" \/><figcaption id=\"caption-attachment-182237\" class=\"wp-caption-text\">Vino serbo Radovanovic<\/figcaption><\/figure>\n<p>C&#8217;era una bella atmosfera perci\u00f2 abbiamo deciso di mangiare qui, in uno dei ristoranti.<\/p>\n<p>Marge ci ha portato sulla via principale e ci ha spiegato come tornare in autobus, quindi se n&#8217;\u00e8 andata.<\/p>\n<p>Siamo tornati indietro verso il fiume.<\/p>\n<p>Marge ci ha detto che c&#8217;\u00e8 un ristorante famoso per il pesce di fiume, ma avendolo mangiato il giorno prima abbiamo cercato un ristorante di carne.<\/p>\n<p>Siamo andati in una steak house che si chiamava <strong>Toro grill<\/strong>.<\/p>\n<p>Ci siamo seduto a un tavolo fuori rivolto verso il fiume.<\/p>\n<p>Era il nostro ultimo pasto completo in <strong>Serbia<\/strong>, quindi abbiamo voluto assaggiare il vino locale pi\u00f9 costoso.<\/p>\n<p>Il cameriere ha versato il vino nel decanter, ma dopo guardandolo ha detto che c&#8217;erano delle impurit\u00e0 e ha preso un&#8217;altra bottiglia.<\/p>\n<figure id=\"attachment_182245\" aria-describedby=\"caption-attachment-182245\" style=\"width: 336px\" class=\"wp-caption alignleft\"><img decoding=\"async\" class=\"wp-image-182245 size-mlt-medium\" title=\"Belgrado, filetto per pranzo\" src=\"https:\/\/mirandalovestravelling.com\/media\/2018\/06\/Zemun-34-336x224.jpg\" alt=\"toro-grill-filetto-belgrado-serbia\" width=\"336\" height=\"224\" srcset=\"https:\/\/mirandalovestravelling.com\/media\/2018\/06\/Zemun-34-336x224.jpg 336w, https:\/\/mirandalovestravelling.com\/media\/2018\/06\/Zemun-34-768x512.jpg 768w, https:\/\/mirandalovestravelling.com\/media\/2018\/06\/Zemun-34.jpg 1920w\" sizes=\"(max-width: 336px) 100vw, 336px\" \/><figcaption id=\"caption-attachment-182245\" class=\"wp-caption-text\">Filetto al Toro Grill<\/figcaption><\/figure>\n<p>Mi chiedo cosa ci\u00a0 \u00a0fosse&#8230;<\/p>\n<p>Abbiamo preso insalata, un filetto bello spesso, e dolci assortiti che non avevano nulla a che vedere con la <strong>Serbia<\/strong>, ma siamo rimasti soddisfatti.<\/p>\n<p>Il conto era di 10.925 dinari, che corrispondono a circa 82 euro che \u00e8 stato il pi\u00f9 costoso di questa vacanza.<\/p>\n<p>Dopo il pasto ci sentivamo pieni e abbiamo pensato di prendere un taxi, ma ci abbiamo ripensato.<\/p>\n<p>Questo perch\u00e9 Marge ci aveva detto che i taxi imbrogliano i turisti.<\/p>\n<p>Una volta un tassista le aveva mostrato un bottone che faceva scorrere il tassametro pi\u00f9 veloce.<\/p>\n<p>Ci aveva detto che tra le ditte di taxi\u00a0 &#8220;<strong>Gold<\/strong>&#8221; e &#8220;<strong>Pink<\/strong>&#8221; sono le pi\u00f9 affidabili.<\/p>\n<p>Il taxi che l&#8217;hotel ha chiamato per noi il giorno successivo era della ditta &#8220;Pink&#8221;.<\/p>\n<p>Era una vecchia Fiat un po&#8217; scassata, ma il prezzo fino all&#8217;aeroporto \u00e8 stato di 1400 dinari, pi\u00f9 economico che dall&#8217;aeroporto a venire, quando eravamo arrivati.<\/p>\n<p>Cos\u00ec il nostro breve, ma intenso viaggio in <strong>Serbia<\/strong> era finito a Zemun.<\/p>\n<p>Avevamo ancora tanti dinari che non eravamo riusciti a cambiare all&#8217;aeroporto quindi abbiamo pensato di tornare un giorno.<\/p>\n<p>[Maggio 2018]<\/p>\n","protected":false},"excerpt":{"rendered":"<p>Alla fine della nostra visita a Zemun un quartiere storico di Belgrado, la capitale della Serbia, siamo saliti sulla collina detta di Gardos, dove prima c&#8217;era un&#8217;importante fortezza. Costruita nel nono secolo, ora non ne&#8230;<\/p>\n","protected":false},"author":11,"featured_media":182252,"comment_status":"open","ping_status":"closed","sticky":false,"template":"","format":"standard","meta":{"_relevanssi_hide_post":"","_relevanssi_hide_content":"","_relevanssi_pin_for_all":"","_relevanssi_pin_keywords":"","_relevanssi_unpin_keywords":"","_relevanssi_related_keywords":"","_relevanssi_related_include_ids":"","_relevanssi_related_exclude_ids":"","_relevanssi_related_no_append":"","_relevanssi_related_not_related":"","_relevanssi_related_posts":"","_relevanssi_noindex_reason":""},"categories":[2061,2057],"tags":[],"typology":[],"yoast_head":"<title>A pranzo a Zemun il quartiere storico di Belgrado la capitale della Serbia<\/title>\n<meta name=\"description\" content=\"Alla fine della nostra visita a Zemun un quartiere storico di Belgrado, la capitale della Serbia, siamo saliti sulla collina detta di Gardos, dove prima\" \/>\n<meta name=\"robots\" content=\"index, follow, max-snippet:-1, max-image-preview:large, max-video-preview:-1\" \/>\n<link rel=\"canonical\" href=\"https:\/\/mirandalovestravelling.com\/it\/wp-json\/wp\/v2\/posts\/182907\" \/>\n<meta property=\"og:locale\" content=\"it_IT\" \/>\n<meta property=\"og:type\" content=\"article\" \/>\n<meta property=\"og:title\" content=\"A pranzo a Zemun il quartiere storico di Belgrado la capitale della Serbia\" \/>\n<meta property=\"og:description\" content=\"Alla fine della nostra visita a Zemun un quartiere storico di Belgrado, la capitale della Serbia, siamo saliti sulla collina detta di Gardos, dove prima\" \/>\n<meta property=\"og:url\" content=\"https:\/\/mirandalovestravelling.com\/it\/pranzo-a-zemun\/\" \/>\n<meta property=\"og:site_name\" content=\"Miranda Loves Travelling\" \/>\n<meta property=\"article:published_time\" content=\"2018-07-21T09:00:31+00:00\" \/>\n<meta property=\"article:modified_time\" content=\"2021-01-09T10:02:21+00:00\" \/>\n<meta property=\"og:image\" content=\"https:\/\/mirandalovestravelling.com\/media\/2018\/06\/Zemun-36.jpg\" \/>\n\t<meta property=\"og:image:width\" content=\"1920\" \/>\n\t<meta property=\"og:image:height\" content=\"1280\" \/>\n\t<meta property=\"og:image:type\" content=\"image\/jpeg\" \/>\n<meta name=\"author\" content=\"Miranda\" \/>\n<meta name=\"twitter:card\" content=\"summary_large_image\" \/>\n<meta name=\"twitter:label1\" content=\"Scritto da\" \/>\n\t<meta name=\"twitter:data1\" content=\"\" \/>\n\t<meta name=\"twitter:label2\" content=\"Tempo di lettura stimato\" \/>\n\t<meta name=\"twitter:data2\" content=\"3 minuti\" \/>\n<script type=\"application\/ld+json\" class=\"yoast-schema-graph\">{\"@context\":\"https:\/\/schema.org\",\"@graph\":[{\"@type\":\"WebPage\",\"@id\":\"https:\/\/mirandalovestravelling.com\/it\/pranzo-a-zemun\/\",\"url\":\"https:\/\/mirandalovestravelling.com\/it\/pranzo-a-zemun\/\",\"name\":\"A pranzo a Zemun il quartiere storico di Belgrado la capitale della Serbia\",\"isPartOf\":{\"@id\":\"https:\/\/mirandalovestravelling.com\/it\/#website\"},\"datePublished\":\"2018-07-21T09:00:31+00:00\",\"dateModified\":\"2021-01-09T10:02:21+00:00\",\"author\":{\"@id\":\"https:\/\/mirandalovestravelling.com\/it\/#\/schema\/person\/cd44a395321ccb8220a349214e003686\"},\"description\":\"Alla fine della nostra visita a Zemun un quartiere storico di Belgrado, la capitale della Serbia, siamo saliti sulla collina detta di Gardos, dove prima\",\"breadcrumb\":{\"@id\":\"https:\/\/mirandalovestravelling.com\/it\/pranzo-a-zemun\/#breadcrumb\"},\"inLanguage\":\"it-IT\",\"potentialAction\":[{\"@type\":\"ReadAction\",\"target\":[\"https:\/\/mirandalovestravelling.com\/it\/pranzo-a-zemun\/\"]}]},{\"@type\":\"BreadcrumbList\",\"@id\":\"https:\/\/mirandalovestravelling.com\/it\/pranzo-a-zemun\/#breadcrumb\",\"itemListElement\":[{\"@type\":\"ListItem\",\"position\":1,\"name\":\"Home\",\"item\":\"https:\/\/mirandalovestravelling.com\/it\/\"},{\"@type\":\"ListItem\",\"position\":2,\"name\":\"Serbia\",\"item\":\"https:\/\/mirandalovestravelling.com\/it\/location\/serbia-it\/\"},{\"@type\":\"ListItem\",\"position\":3,\"name\":\"Belgrado\",\"item\":\"https:\/\/mirandalovestravelling.com\/it\/location\/serbia-it\/belgrado\/\"},{\"@type\":\"ListItem\",\"position\":4,\"name\":\"Pranzo a Zemun un quartiere storico di Belgrado\"}]},{\"@type\":\"WebSite\",\"@id\":\"https:\/\/mirandalovestravelling.com\/it\/#website\",\"url\":\"https:\/\/mirandalovestravelling.com\/it\/\",\"name\":\"Miranda Loves Travelling\",\"description\":\"My Travel Diary\",\"potentialAction\":[{\"@type\":\"SearchAction\",\"target\":{\"@type\":\"EntryPoint\",\"urlTemplate\":\"https:\/\/mirandalovestravelling.com\/it\/?s={search_term_string}\"},\"query-input\":\"required name=search_term_string\"}],\"inLanguage\":\"it-IT\"},{\"@type\":\"Person\",\"@id\":\"https:\/\/mirandalovestravelling.com\/it\/#\/schema\/person\/cd44a395321ccb8220a349214e003686\",\"name\":\"Miranda\",\"image\":{\"@type\":\"ImageObject\",\"inLanguage\":\"it-IT\",\"@id\":\"https:\/\/mirandalovestravelling.com\/it\/#\/schema\/person\/image\/\",\"url\":\"https:\/\/secure.gravatar.com\/avatar\/2020e5ef75dc730a8fbc1b656ea876e7?s=96&r=g\",\"contentUrl\":\"https:\/\/secure.gravatar.com\/avatar\/2020e5ef75dc730a8fbc1b656ea876e7?s=96&r=g\",\"caption\":\"Miranda\"},\"description\":\"We are a couple who love travelling all over the world. Walking in the unknown towns, taking photos and eating local foods are the purpose of our life. When we are not travelling, we are always planning for the next journeys.\",\"sameAs\":[\"https:\/\/mirandalovestravelling.com\"]}]}<\/script>","yoast_head_json":{"title":"A pranzo a Zemun il quartiere storico di Belgrado la capitale della Serbia","description":"Alla fine della nostra visita a Zemun un quartiere storico di Belgrado, la capitale della Serbia, siamo saliti sulla collina detta di Gardos, dove prima","robots":{"index":"index","follow":"follow","max-snippet":"max-snippet:-1","max-image-preview":"max-image-preview:large","max-video-preview":"max-video-preview:-1"},"canonical":"https:\/\/mirandalovestravelling.com\/it\/wp-json\/wp\/v2\/posts\/182907","og_locale":"it_IT","og_type":"article","og_title":"A pranzo a Zemun il quartiere storico di Belgrado la capitale della Serbia","og_description":"Alla fine della nostra visita a Zemun un quartiere storico di Belgrado, la capitale della Serbia, siamo saliti sulla collina detta di Gardos, dove prima","og_url":"https:\/\/mirandalovestravelling.com\/it\/pranzo-a-zemun\/","og_site_name":"Miranda Loves Travelling","article_published_time":"2018-07-21T09:00:31+00:00","article_modified_time":"2021-01-09T10:02:21+00:00","og_image":[{"width":1920,"height":1280,"url":"https:\/\/mirandalovestravelling.com\/media\/2018\/06\/Zemun-36.jpg","type":"image\/jpeg"}],"author":"Miranda","twitter_card":"summary_large_image","twitter_misc":{"Scritto da":false,"Tempo di lettura stimato":"3 minuti"},"schema":{"@context":"https:\/\/schema.org","@graph":[{"@type":"WebPage","@id":"https:\/\/mirandalovestravelling.com\/it\/pranzo-a-zemun\/","url":"https:\/\/mirandalovestravelling.com\/it\/pranzo-a-zemun\/","name":"A pranzo a Zemun il quartiere storico di Belgrado la capitale della Serbia","isPartOf":{"@id":"https:\/\/mirandalovestravelling.com\/it\/#website"},"datePublished":"2018-07-21T09:00:31+00:00","dateModified":"2021-01-09T10:02:21+00:00","author":{"@id":"https:\/\/mirandalovestravelling.com\/it\/#\/schema\/person\/cd44a395321ccb8220a349214e003686"},"description":"Alla fine della nostra visita a Zemun un quartiere storico di Belgrado, la capitale della Serbia, siamo saliti sulla collina detta di Gardos, dove prima","breadcrumb":{"@id":"https:\/\/mirandalovestravelling.com\/it\/pranzo-a-zemun\/#breadcrumb"},"inLanguage":"it-IT","potentialAction":[{"@type":"ReadAction","target":["https:\/\/mirandalovestravelling.com\/it\/pranzo-a-zemun\/"]}]},{"@type":"BreadcrumbList","@id":"https:\/\/mirandalovestravelling.com\/it\/pranzo-a-zemun\/#breadcrumb","itemListElement":[{"@type":"ListItem","position":1,"name":"Home","item":"https:\/\/mirandalovestravelling.com\/it\/"},{"@type":"ListItem","position":2,"name":"Serbia","item":"https:\/\/mirandalovestravelling.com\/it\/location\/serbia-it\/"},{"@type":"ListItem","position":3,"name":"Belgrado","item":"https:\/\/mirandalovestravelling.com\/it\/location\/serbia-it\/belgrado\/"},{"@type":"ListItem","position":4,"name":"Pranzo a Zemun un quartiere storico di Belgrado"}]},{"@type":"WebSite","@id":"https:\/\/mirandalovestravelling.com\/it\/#website","url":"https:\/\/mirandalovestravelling.com\/it\/","name":"Miranda Loves Travelling","description":"My Travel Diary","potentialAction":[{"@type":"SearchAction","target":{"@type":"EntryPoint","urlTemplate":"https:\/\/mirandalovestravelling.com\/it\/?s={search_term_string}"},"query-input":"required name=search_term_string"}],"inLanguage":"it-IT"},{"@type":"Person","@id":"https:\/\/mirandalovestravelling.com\/it\/#\/schema\/person\/cd44a395321ccb8220a349214e003686","name":"Miranda","image":{"@type":"ImageObject","inLanguage":"it-IT","@id":"https:\/\/mirandalovestravelling.com\/it\/#\/schema\/person\/image\/","url":"https:\/\/secure.gravatar.com\/avatar\/2020e5ef75dc730a8fbc1b656ea876e7?s=96&r=g","contentUrl":"https:\/\/secure.gravatar.com\/avatar\/2020e5ef75dc730a8fbc1b656ea876e7?s=96&r=g","caption":"Miranda"},"description":"We are a couple who love travelling all over the world. Walking in the unknown towns, taking photos and eating local foods are the purpose of our life. When we are not travelling, we are always planning for the next journeys.","sameAs":["https:\/\/mirandalovestravelling.com"]}]}},"_links":{"self":[{"href":"https:\/\/mirandalovestravelling.com\/it\/wp-json\/wp\/v2\/posts\/182907"}],"collection":[{"href":"https:\/\/mirandalovestravelling.com\/it\/wp-json\/wp\/v2\/posts"}],"about":[{"href":"https:\/\/mirandalovestravelling.com\/it\/wp-json\/wp\/v2\/types\/post"}],"author":[{"embeddable":true,"href":"https:\/\/mirandalovestravelling.com\/it\/wp-json\/wp\/v2\/users\/11"}],"replies":[{"embeddable":true,"href":"https:\/\/mirandalovestravelling.com\/it\/wp-json\/wp\/v2\/comments?post=182907"}],"version-history":[{"count":0,"href":"https:\/\/mirandalovestravelling.com\/it\/wp-json\/wp\/v2\/posts\/182907\/revisions"}],"wp:featuredmedia":[{"embeddable":true,"href":"https:\/\/mirandalovestravelling.com\/it\/wp-json\/wp\/v2\/media\/182252"}],"wp:attachment":[{"href":"https:\/\/mirandalovestravelling.com\/it\/wp-json\/wp\/v2\/media?parent=182907"}],"wp:term":[{"taxonomy":"category","embeddable":true,"href":"https:\/\/mirandalovestravelling.com\/it\/wp-json\/wp\/v2\/categories?post=182907"},{"taxonomy":"post_tag","embeddable":true,"href":"https:\/\/mirandalovestravelling.com\/it\/wp-json\/wp\/v2\/tags?post=182907"},{"taxonomy":"typology","embeddable":true,"href":"https:\/\/mirandalovestravelling.com\/it\/wp-json\/wp\/v2\/typology?post=182907"}],"curies":[{"name":"wp","href":"https:\/\/api.w.org\/{rel}","templated":true}]}}