{"id":198019,"date":"2019-04-08T08:55:52","date_gmt":"2019-04-08T08:55:52","guid":{"rendered":"https:\/\/mirandalovestravelling.com\/?p=198019"},"modified":"2019-04-07T22:14:32","modified_gmt":"2019-04-07T22:14:32","slug":"mangiare-una-buonissima-pastel-de-nata-dal-famoso-produttore-di-lisbona","status":"publish","type":"post","link":"https:\/\/mirandalovestravelling.com\/it\/mangiare-una-buonissima-pastel-de-nata-dal-famoso-produttore-di-lisbona\/","title":{"rendered":"Mangiare una buonissima Pastel de Nata dal famoso produttore di Lisbona"},"content":{"rendered":"<p>[ Feb.2019 ]\u00a0 C&#8217;era un altro posto dove volevo andare mentre eravamo nel quartiere di Bel\u00e9m a <a href=\"https:\/\/mirandalovestravelling.com\/it\/location\/portogallo\/lisbona\/\">Lisbona, capitale del Portogallo<\/a>, che si trova a circa 6 km a ovest dal centro citt\u00e0.<\/p>\n<p>E&#8217; il negozio specializzato in\u00a0<strong>Pastel de Nata (crema pasticcera)<\/strong> chiamato <strong>Past\u00e9is de Bel\u00e9m<\/strong>.<\/p>\n<figure id=\"attachment_197553\" aria-describedby=\"caption-attachment-197553\" style=\"width: 336px\" class=\"wp-caption alignright\"><img decoding=\"async\" class=\"wp-image-197553 size-mlt-medium\" title=\"Past\u00e9is de Bel\u00e9m\" src=\"https:\/\/mirandalovestravelling.com\/media\/2016\/08\/Lisbon2019-170-336x224.jpg\" alt=\"pasteis-de-belem-pastl-de-nata-lisbona\" width=\"336\" height=\"224\" srcset=\"https:\/\/mirandalovestravelling.com\/media\/2016\/08\/Lisbon2019-170-336x224.jpg 336w, https:\/\/mirandalovestravelling.com\/media\/2016\/08\/Lisbon2019-170-768x512.jpg 768w, https:\/\/mirandalovestravelling.com\/media\/2016\/08\/Lisbon2019-170.jpg 1920w\" sizes=\"(max-width: 336px) 100vw, 336px\" \/><figcaption id=\"caption-attachment-197553\" class=\"wp-caption-text\">Past\u00e9is de Bel\u00e9m il famoso negozio dove producono il Pastel de Nata<\/figcaption><\/figure>\n<p>Ero stata qui in passato ma non ricordavo bene la posizione, quindi speravo che fosse vicino al <strong>Monastero di Jer\u00f3nimos<\/strong>, che era la nostra prima destinazione in questo distretto.<\/p>\n<p>Infatto era molto vicino.<\/p>\n<p>Quando ho letto sul menu <strong>la storia di questo dolce<\/strong>, ho capito perch\u00e9 \u00e8 cos\u00ec famoso.<\/p>\n<p>All&#8217;inizio del XIX secolo c&#8217;era una raffineria di canna da zucchero attaccata ad un piccolo negozio di generi alimentari poco lontano dal <strong>monastero<\/strong>.<\/p>\n<p>Come risultato della rivoluzione liberale, avvenuta tra il 1820 e il 1826, tutti i monasteri furono chiusi nel 1834 e il clero e gli altri <strong>membri del monastero furono tutti espulsi<\/strong>.<\/p>\n<p>Nel tentativo di sopravvivere, qualcuno del monastero ha iniziato a vendere i pasticcini e dolci.<\/p>\n<figure id=\"attachment_197537\" aria-describedby=\"caption-attachment-197537\" style=\"width: 336px\" class=\"wp-caption alignleft\"><img decoding=\"async\" class=\"wp-image-197537 size-mlt-medium\" title=\"Past\u00e9is de Bel\u00e9m l'interno del negozio\" src=\"https:\/\/mirandalovestravelling.com\/media\/2016\/08\/Lisbon2019-166-336x224.jpg\" alt=\"pasteis-de-belem-lisbona-pasticceria\" width=\"336\" height=\"224\" srcset=\"https:\/\/mirandalovestravelling.com\/media\/2016\/08\/Lisbon2019-166-336x224.jpg 336w, https:\/\/mirandalovestravelling.com\/media\/2016\/08\/Lisbon2019-166-768x512.jpg 768w, https:\/\/mirandalovestravelling.com\/media\/2016\/08\/Lisbon2019-166.jpg 1920w\" sizes=\"(max-width: 336px) 100vw, 336px\" \/><figcaption id=\"caption-attachment-197537\" class=\"wp-caption-text\">Interno del negozio Past\u00e9is de Bel\u00e9m a Lisbona<\/figcaption><\/figure>\n<p>Sono diventati famosi come <strong>Past\u00e9is de Bel\u00e9m<\/strong>.<\/p>\n<p>A quei tempi, Bel\u00e9m era considerato distante da Lisbona e la gente lo visitava in &#8220;battello a vapore&#8221; e ci andava per vedere l&#8217;edificio del monastero e la <strong>Torre di Bel\u00e9m<\/strong>.<\/p>\n<p>Quei turisti iniziarono a gustare questo pasticcino, che stava diventando popolare. Ed era ancora prodotto nel <strong>monastero<\/strong>.<\/p>\n<p>Nel 1837 iniziarono a prepararlo nell&#8217;edificio accanto alla raffineria. Anno di fondazione del negozio.<\/p>\n<p>Secondo il menu, in quei giorni venivano cotti in una &#8220;stanza segreta&#8221; seguendo l&#8217;antica &#8220;<strong>ricetta segreta<\/strong>&#8220;.<\/p>\n<figure id=\"attachment_197393\" aria-describedby=\"caption-attachment-197393\" style=\"width: 336px\" class=\"wp-caption alignright\"><img decoding=\"async\" class=\"wp-image-197393 size-mlt-medium\" title=\"Past\u00e9is de Bel\u00e9m la cucina\" src=\"https:\/\/mirandalovestravelling.com\/media\/2016\/08\/Lisbon2019-130-336x252.jpg\" alt=\"pasteis-de-belem-vetrata-cucina\" width=\"336\" height=\"252\" srcset=\"https:\/\/mirandalovestravelling.com\/media\/2016\/08\/Lisbon2019-130-336x252.jpg 336w, https:\/\/mirandalovestravelling.com\/media\/2016\/08\/Lisbon2019-130-768x576.jpg 768w, https:\/\/mirandalovestravelling.com\/media\/2016\/08\/Lisbon2019-130-80x60.jpg 80w, https:\/\/mirandalovestravelling.com\/media\/2016\/08\/Lisbon2019-130.jpg 1920w\" sizes=\"(max-width: 336px) 100vw, 336px\" \/><figcaption id=\"caption-attachment-197393\" class=\"wp-caption-text\">Vetrata sulla cucina del Past\u00e9is de Bel\u00e9m<\/figcaption><\/figure>\n<p>Stanno ancora preparandoli in base alla stessa ricetta di un tempo.<\/p>\n<p>Quando ci siamo stati, abbiamo trovato un tavolo libero nella stanza vicino all&#8217;ingresso, aveva <strong>piastrelle molto vecchie<\/strong>.<\/p>\n<p>Nei momenti di punta sono molto bene organizzati nella gestione delle code, con indicazioni chiare e precise precise, con cartelli all&#8217;entrata.<\/p>\n<p>Pi\u00f9 tardi, quando sono andata nel retro del negozio a cercare il bagno, ho visto che hanno aperto <strong>uno spazio nuovo molto grande<\/strong> per poter accogliere molti pi\u00f9 clienti.<\/p>\n<p>Penso che in totale ci siano circa 400 posti a sedere.<\/p>\n<p>Potevo vedere la cucina attraverso una vetrata, il che significa che forse ora non \u00e8 pi\u00f9 cos\u00ec segreto.<\/p>\n<p>L&#8217;autista del Tuk Tuk che avevamo incontrato il giorno prima ci aveva detto: &#8220;<strong>Quel negozio produce ogni giorno 30.000 Pastel de Natas<\/strong>&#8220;.<\/p>\n<figure id=\"attachment_197541\" aria-describedby=\"caption-attachment-197541\" style=\"width: 336px\" class=\"wp-caption alignleft\"><img decoding=\"async\" class=\"wp-image-197541 size-mlt-medium\" title=\"Piastrelle al Past\u00e9is de Bel\u00e9m\" src=\"https:\/\/mirandalovestravelling.com\/media\/2016\/08\/Lisbon2019-167-336x224.jpg\" alt=\"pasteis-de-belem-lisbona-piastrelle\" width=\"336\" height=\"224\" srcset=\"https:\/\/mirandalovestravelling.com\/media\/2016\/08\/Lisbon2019-167-336x224.jpg 336w, https:\/\/mirandalovestravelling.com\/media\/2016\/08\/Lisbon2019-167-768x512.jpg 768w, https:\/\/mirandalovestravelling.com\/media\/2016\/08\/Lisbon2019-167.jpg 1920w\" sizes=\"(max-width: 336px) 100vw, 336px\" \/><figcaption id=\"caption-attachment-197541\" class=\"wp-caption-text\">Piastrelle antiche nel negozio Past\u00e9is de Bel\u00e9m<\/figcaption><\/figure>\n<p>Ma la cosa pi\u00f9 importante \u00e8 il gusto, non \u00e8 vero?<\/p>\n<p><strong>Era delizioso!<\/strong><\/p>\n<p>La crema pasticcera non era pesante ed il pasticcino era buono e croccante.<\/p>\n<p>Avevo gi\u00e0 mangiato un altro delizioso <strong>Pastel de Nata<\/strong>\u00a0in una stazione ferroviaria, ed era altrettanto buono.<\/p>\n<p>Mangiarli caldi \u00e8 la cosa pi\u00f9 importante, ho pensato.<\/p>\n","protected":false},"excerpt":{"rendered":"<p>[ Feb.2019 ]\u00a0 C&#8217;era un altro posto dove volevo andare mentre eravamo nel quartiere di Bel\u00e9m a Lisbona, capitale del Portogallo, che si trova a circa 6 km a ovest dal centro citt\u00e0. E&#8217; il&#8230;<\/p>\n","protected":false},"author":10,"featured_media":197550,"comment_status":"open","ping_status":"closed","sticky":false,"template":"","format":"standard","meta":{"_relevanssi_hide_post":"","_relevanssi_hide_content":"","_relevanssi_pin_for_all":"","_relevanssi_pin_keywords":"","_relevanssi_unpin_keywords":"","_relevanssi_related_keywords":"","_relevanssi_related_include_ids":"","_relevanssi_related_exclude_ids":"","_relevanssi_related_no_append":"","_relevanssi_related_not_related":"","_relevanssi_related_posts":"","_relevanssi_noindex_reason":""},"categories":[763,410],"tags":[],"typology":[1927],"yoast_head":"<title>Mangiare una buonissima Pastel de Nata dal famoso produttore di Lisbona<\/title>\n<meta name=\"description\" content=\"\u00a0 C&#039;era un altro posto dove volevo andare mentre eravamo nel quartiere di Bel\u00e9m a Lisbona, capitale del Portogallo, che si trova a circa 6 km a ovest dal\" \/>\n<meta name=\"robots\" content=\"index, follow, max-snippet:-1, max-image-preview:large, max-video-preview:-1\" \/>\n<link rel=\"canonical\" href=\"https:\/\/mirandalovestravelling.com\/it\/wp-json\/wp\/v2\/posts\/198019\" \/>\n<meta property=\"og:locale\" content=\"it_IT\" \/>\n<meta property=\"og:type\" content=\"article\" \/>\n<meta property=\"og:title\" content=\"Mangiare una buonissima Pastel de Nata dal famoso produttore di Lisbona\" \/>\n<meta property=\"og:description\" content=\"\u00a0 C&#039;era un altro posto dove volevo andare mentre eravamo nel quartiere di Bel\u00e9m a Lisbona, capitale del Portogallo, che si trova a circa 6 km a ovest dal\" \/>\n<meta property=\"og:url\" content=\"https:\/\/mirandalovestravelling.com\/it\/mangiare-una-buonissima-pastel-de-nata-dal-famoso-produttore-di-lisbona\/\" \/>\n<meta property=\"og:site_name\" content=\"Miranda Loves Travelling\" \/>\n<meta property=\"article:published_time\" content=\"2019-04-08T08:55:52+00:00\" \/>\n<meta property=\"article:modified_time\" content=\"2019-04-07T22:14:32+00:00\" \/>\n<meta property=\"og:image\" content=\"https:\/\/mirandalovestravelling.com\/media\/2016\/08\/Lisbon2019-169.jpg\" \/>\n\t<meta property=\"og:image:width\" content=\"1920\" \/>\n\t<meta property=\"og:image:height\" content=\"1280\" \/>\n\t<meta property=\"og:image:type\" content=\"image\/jpeg\" \/>\n<meta name=\"author\" content=\"Miranda\" \/>\n<meta name=\"twitter:card\" content=\"summary_large_image\" \/>\n<meta name=\"twitter:label1\" content=\"Scritto da\" \/>\n\t<meta name=\"twitter:data1\" content=\"\" \/>\n\t<meta name=\"twitter:label2\" content=\"Tempo di lettura stimato\" \/>\n\t<meta name=\"twitter:data2\" content=\"2 minuti\" \/>\n<script type=\"application\/ld+json\" class=\"yoast-schema-graph\">{\"@context\":\"https:\/\/schema.org\",\"@graph\":[{\"@type\":\"WebPage\",\"@id\":\"https:\/\/mirandalovestravelling.com\/it\/mangiare-una-buonissima-pastel-de-nata-dal-famoso-produttore-di-lisbona\/\",\"url\":\"https:\/\/mirandalovestravelling.com\/it\/mangiare-una-buonissima-pastel-de-nata-dal-famoso-produttore-di-lisbona\/\",\"name\":\"Mangiare una buonissima Pastel de Nata dal famoso produttore di Lisbona\",\"isPartOf\":{\"@id\":\"https:\/\/mirandalovestravelling.com\/it\/#website\"},\"datePublished\":\"2019-04-08T08:55:52+00:00\",\"dateModified\":\"2019-04-07T22:14:32+00:00\",\"author\":{\"@id\":\"https:\/\/mirandalovestravelling.com\/it\/#\/schema\/person\/87298ef6c6b6c2d9f8cbd1d0850c2ac8\"},\"description\":\"\u00a0 C'era un altro posto dove volevo andare mentre eravamo nel quartiere di Bel\u00e9m a Lisbona, capitale del Portogallo, che si trova a circa 6 km a ovest dal\",\"breadcrumb\":{\"@id\":\"https:\/\/mirandalovestravelling.com\/it\/mangiare-una-buonissima-pastel-de-nata-dal-famoso-produttore-di-lisbona\/#breadcrumb\"},\"inLanguage\":\"it-IT\",\"potentialAction\":[{\"@type\":\"ReadAction\",\"target\":[\"https:\/\/mirandalovestravelling.com\/it\/mangiare-una-buonissima-pastel-de-nata-dal-famoso-produttore-di-lisbona\/\"]}]},{\"@type\":\"BreadcrumbList\",\"@id\":\"https:\/\/mirandalovestravelling.com\/it\/mangiare-una-buonissima-pastel-de-nata-dal-famoso-produttore-di-lisbona\/#breadcrumb\",\"itemListElement\":[{\"@type\":\"ListItem\",\"position\":1,\"name\":\"Home\",\"item\":\"https:\/\/mirandalovestravelling.com\/it\/\"},{\"@type\":\"ListItem\",\"position\":2,\"name\":\"Portogallo\",\"item\":\"https:\/\/mirandalovestravelling.com\/it\/location\/portogallo\/\"},{\"@type\":\"ListItem\",\"position\":3,\"name\":\"Lisbona\",\"item\":\"https:\/\/mirandalovestravelling.com\/it\/location\/portogallo\/lisbona\/\"},{\"@type\":\"ListItem\",\"position\":4,\"name\":\"Mangiare una buonissima Pastel de Nata dal famoso produttore di Lisbona\"}]},{\"@type\":\"WebSite\",\"@id\":\"https:\/\/mirandalovestravelling.com\/it\/#website\",\"url\":\"https:\/\/mirandalovestravelling.com\/it\/\",\"name\":\"Miranda Loves Travelling\",\"description\":\"My Travel Diary\",\"potentialAction\":[{\"@type\":\"SearchAction\",\"target\":{\"@type\":\"EntryPoint\",\"urlTemplate\":\"https:\/\/mirandalovestravelling.com\/it\/?s={search_term_string}\"},\"query-input\":\"required name=search_term_string\"}],\"inLanguage\":\"it-IT\"},{\"@type\":\"Person\",\"@id\":\"https:\/\/mirandalovestravelling.com\/it\/#\/schema\/person\/87298ef6c6b6c2d9f8cbd1d0850c2ac8\",\"name\":\"Miranda\",\"image\":{\"@type\":\"ImageObject\",\"inLanguage\":\"it-IT\",\"@id\":\"https:\/\/mirandalovestravelling.com\/it\/#\/schema\/person\/image\/\",\"url\":\"https:\/\/secure.gravatar.com\/avatar\/979d7e5ee6a879380bc5301d98046c08?s=96&r=g\",\"contentUrl\":\"https:\/\/secure.gravatar.com\/avatar\/979d7e5ee6a879380bc5301d98046c08?s=96&r=g\",\"caption\":\"Miranda\"},\"description\":\"We are a couple who love travelling all over the world. Walking in the unknown towns, taking photos and eating local foods are the purpose of our life. When we are not travelling, we are always planning for the next journeys.\"}]}<\/script>","yoast_head_json":{"title":"Mangiare una buonissima Pastel de Nata dal famoso produttore di Lisbona","description":"\u00a0 C'era un altro posto dove volevo andare mentre eravamo nel quartiere di Bel\u00e9m a Lisbona, capitale del Portogallo, che si trova a circa 6 km a ovest dal","robots":{"index":"index","follow":"follow","max-snippet":"max-snippet:-1","max-image-preview":"max-image-preview:large","max-video-preview":"max-video-preview:-1"},"canonical":"https:\/\/mirandalovestravelling.com\/it\/wp-json\/wp\/v2\/posts\/198019","og_locale":"it_IT","og_type":"article","og_title":"Mangiare una buonissima Pastel de Nata dal famoso produttore di Lisbona","og_description":"\u00a0 C'era un altro posto dove volevo andare mentre eravamo nel quartiere di Bel\u00e9m a Lisbona, capitale del Portogallo, che si trova a circa 6 km a ovest dal","og_url":"https:\/\/mirandalovestravelling.com\/it\/mangiare-una-buonissima-pastel-de-nata-dal-famoso-produttore-di-lisbona\/","og_site_name":"Miranda Loves Travelling","article_published_time":"2019-04-08T08:55:52+00:00","article_modified_time":"2019-04-07T22:14:32+00:00","og_image":[{"width":1920,"height":1280,"url":"https:\/\/mirandalovestravelling.com\/media\/2016\/08\/Lisbon2019-169.jpg","type":"image\/jpeg"}],"author":"Miranda","twitter_card":"summary_large_image","twitter_misc":{"Scritto da":false,"Tempo di lettura stimato":"2 minuti"},"schema":{"@context":"https:\/\/schema.org","@graph":[{"@type":"WebPage","@id":"https:\/\/mirandalovestravelling.com\/it\/mangiare-una-buonissima-pastel-de-nata-dal-famoso-produttore-di-lisbona\/","url":"https:\/\/mirandalovestravelling.com\/it\/mangiare-una-buonissima-pastel-de-nata-dal-famoso-produttore-di-lisbona\/","name":"Mangiare una buonissima Pastel de Nata dal famoso produttore di Lisbona","isPartOf":{"@id":"https:\/\/mirandalovestravelling.com\/it\/#website"},"datePublished":"2019-04-08T08:55:52+00:00","dateModified":"2019-04-07T22:14:32+00:00","author":{"@id":"https:\/\/mirandalovestravelling.com\/it\/#\/schema\/person\/87298ef6c6b6c2d9f8cbd1d0850c2ac8"},"description":"\u00a0 C'era un altro posto dove volevo andare mentre eravamo nel quartiere di Bel\u00e9m a Lisbona, capitale del Portogallo, che si trova a circa 6 km a ovest dal","breadcrumb":{"@id":"https:\/\/mirandalovestravelling.com\/it\/mangiare-una-buonissima-pastel-de-nata-dal-famoso-produttore-di-lisbona\/#breadcrumb"},"inLanguage":"it-IT","potentialAction":[{"@type":"ReadAction","target":["https:\/\/mirandalovestravelling.com\/it\/mangiare-una-buonissima-pastel-de-nata-dal-famoso-produttore-di-lisbona\/"]}]},{"@type":"BreadcrumbList","@id":"https:\/\/mirandalovestravelling.com\/it\/mangiare-una-buonissima-pastel-de-nata-dal-famoso-produttore-di-lisbona\/#breadcrumb","itemListElement":[{"@type":"ListItem","position":1,"name":"Home","item":"https:\/\/mirandalovestravelling.com\/it\/"},{"@type":"ListItem","position":2,"name":"Portogallo","item":"https:\/\/mirandalovestravelling.com\/it\/location\/portogallo\/"},{"@type":"ListItem","position":3,"name":"Lisbona","item":"https:\/\/mirandalovestravelling.com\/it\/location\/portogallo\/lisbona\/"},{"@type":"ListItem","position":4,"name":"Mangiare una buonissima Pastel de Nata dal famoso produttore di Lisbona"}]},{"@type":"WebSite","@id":"https:\/\/mirandalovestravelling.com\/it\/#website","url":"https:\/\/mirandalovestravelling.com\/it\/","name":"Miranda Loves Travelling","description":"My Travel Diary","potentialAction":[{"@type":"SearchAction","target":{"@type":"EntryPoint","urlTemplate":"https:\/\/mirandalovestravelling.com\/it\/?s={search_term_string}"},"query-input":"required name=search_term_string"}],"inLanguage":"it-IT"},{"@type":"Person","@id":"https:\/\/mirandalovestravelling.com\/it\/#\/schema\/person\/87298ef6c6b6c2d9f8cbd1d0850c2ac8","name":"Miranda","image":{"@type":"ImageObject","inLanguage":"it-IT","@id":"https:\/\/mirandalovestravelling.com\/it\/#\/schema\/person\/image\/","url":"https:\/\/secure.gravatar.com\/avatar\/979d7e5ee6a879380bc5301d98046c08?s=96&r=g","contentUrl":"https:\/\/secure.gravatar.com\/avatar\/979d7e5ee6a879380bc5301d98046c08?s=96&r=g","caption":"Miranda"},"description":"We are a couple who love travelling all over the world. Walking in the unknown towns, taking photos and eating local foods are the purpose of our life. When we are not travelling, we are always planning for the next journeys."}]}},"_links":{"self":[{"href":"https:\/\/mirandalovestravelling.com\/it\/wp-json\/wp\/v2\/posts\/198019"}],"collection":[{"href":"https:\/\/mirandalovestravelling.com\/it\/wp-json\/wp\/v2\/posts"}],"about":[{"href":"https:\/\/mirandalovestravelling.com\/it\/wp-json\/wp\/v2\/types\/post"}],"author":[{"embeddable":true,"href":"https:\/\/mirandalovestravelling.com\/it\/wp-json\/wp\/v2\/users\/10"}],"replies":[{"embeddable":true,"href":"https:\/\/mirandalovestravelling.com\/it\/wp-json\/wp\/v2\/comments?post=198019"}],"version-history":[{"count":0,"href":"https:\/\/mirandalovestravelling.com\/it\/wp-json\/wp\/v2\/posts\/198019\/revisions"}],"wp:featuredmedia":[{"embeddable":true,"href":"https:\/\/mirandalovestravelling.com\/it\/wp-json\/wp\/v2\/media\/197550"}],"wp:attachment":[{"href":"https:\/\/mirandalovestravelling.com\/it\/wp-json\/wp\/v2\/media?parent=198019"}],"wp:term":[{"taxonomy":"category","embeddable":true,"href":"https:\/\/mirandalovestravelling.com\/it\/wp-json\/wp\/v2\/categories?post=198019"},{"taxonomy":"post_tag","embeddable":true,"href":"https:\/\/mirandalovestravelling.com\/it\/wp-json\/wp\/v2\/tags?post=198019"},{"taxonomy":"typology","embeddable":true,"href":"https:\/\/mirandalovestravelling.com\/it\/wp-json\/wp\/v2\/typology?post=198019"}],"curies":[{"name":"wp","href":"https:\/\/api.w.org\/{rel}","templated":true}]}}