{"id":199930,"date":"2019-05-20T08:47:57","date_gmt":"2019-05-20T08:47:57","guid":{"rendered":"https:\/\/mirandalovestravelling.com\/?p=199930"},"modified":"2019-05-18T10:23:52","modified_gmt":"2019-05-18T10:23:52","slug":"la-cattedrale-di-lodi","status":"publish","type":"post","link":"https:\/\/mirandalovestravelling.com\/it\/la-cattedrale-di-lodi\/","title":{"rendered":"La Cattedrale di Lodi"},"content":{"rendered":"<figure id=\"attachment_199472\" aria-describedby=\"caption-attachment-199472\" style=\"width: 336px\" class=\"wp-caption alignleft\"><img decoding=\"async\" class=\"wp-image-199472 size-mlt-medium\" title=\"Leoni della Cattedrale\" src=\"https:\/\/mirandalovestravelling.com\/media\/2016\/08\/Lodo2019-14-336x252.jpg\" alt=\"cattedrale-lodi-leoni-deformati\" width=\"336\" height=\"252\" srcset=\"https:\/\/mirandalovestravelling.com\/media\/2016\/08\/Lodo2019-14-336x252.jpg 336w, https:\/\/mirandalovestravelling.com\/media\/2016\/08\/Lodo2019-14-768x576.jpg 768w, https:\/\/mirandalovestravelling.com\/media\/2016\/08\/Lodo2019-14-80x60.jpg 80w, https:\/\/mirandalovestravelling.com\/media\/2016\/08\/Lodo2019-14.jpg 1920w\" sizes=\"(max-width: 336px) 100vw, 336px\" \/><figcaption id=\"caption-attachment-199472\" class=\"wp-caption-text\">I leoni deformati nella facciata della Cattedrale<\/figcaption><\/figure>\n<p>[ Apr.2019 ] La cattedrale di <strong>Lodi<\/strong>, una citt\u00e0 della <a href=\"https:\/\/mirandalovestravelling.com\/it\/location\/italia\/lombardia\/\">Lombardia<\/a>, si affaccia su una grande piazza chiamata <strong>Piazza della Vittoria<\/strong>.<\/p>\n<p>L&#8217;esterno della <strong>Cattedrale<\/strong> \u00e8 piuttosto semplice ed \u00e8 fatto di mattoni.<\/p>\n<p>I leoni deformati, che sembravano molto vecchi, proteggono l&#8217;ingresso principale.<\/p>\n<p>Apparentemente, questi <strong>leoni<\/strong> sono del 12 \u00b0 secolo. L&#8217;interno era inaspettatamente molto grande.<\/p>\n<p>Pensavamo a <strong>Lodi<\/strong> come ad una piccola citt\u00e0 di provincia, ma la magnificenza della cattedrale dimostra che era una citt\u00e0 importante.<\/p>\n<figure id=\"attachment_199468\" aria-describedby=\"caption-attachment-199468\" style=\"width: 336px\" class=\"wp-caption alignright\"><img decoding=\"async\" class=\"wp-image-199468 size-mlt-medium\" title=\"La facciata della Cattedrale di Lodi\" src=\"https:\/\/mirandalovestravelling.com\/media\/2016\/08\/Lodo2019-13-336x252.jpg\" alt=\"cattedrale-lodi-facciata\" width=\"336\" height=\"252\" srcset=\"https:\/\/mirandalovestravelling.com\/media\/2016\/08\/Lodo2019-13-336x252.jpg 336w, https:\/\/mirandalovestravelling.com\/media\/2016\/08\/Lodo2019-13-768x576.jpg 768w, https:\/\/mirandalovestravelling.com\/media\/2016\/08\/Lodo2019-13-80x60.jpg 80w, https:\/\/mirandalovestravelling.com\/media\/2016\/08\/Lodo2019-13.jpg 1920w\" sizes=\"(max-width: 336px) 100vw, 336px\" \/><figcaption id=\"caption-attachment-199468\" class=\"wp-caption-text\">La facciata della Cattdrale<\/figcaption><\/figure>\n<p>Questa \u00e8 apparentemente una delle pi\u00f9 <strong>grandi cattedrali<\/strong> della Lombardia. Fu fondata nel 1158.<\/p>\n<p>In quei giorni c&#8217;erano molte citt\u00e0-stato in Italia e continuavano a combattere tra loro. Fu distrutta dai milanesi nel 1111.<\/p>\n<p>Ricostruirono la citt\u00e0 nel 1158, lo stesso anno della fondazione della cattedrale. La cattedrale e la citt\u00e0 hanno la stessa et\u00e0.<\/p>\n<p>La prima parte, inclusa la cripta, fu completata nel 1163 e per l&#8217;inaugurazione, <strong>Barbarossa (Sacro Romano Imperatore , Federico I)<\/strong> partecip\u00f2 alla cerimonia.<\/p>\n<figure id=\"attachment_199500\" aria-describedby=\"caption-attachment-199500\" style=\"width: 336px\" class=\"wp-caption alignleft\"><img decoding=\"async\" class=\"wp-image-199500 size-mlt-medium\" title=\"Gli affreschi nella Cattedrale\" src=\"https:\/\/mirandalovestravelling.com\/media\/2016\/08\/Lodo2019-21-336x252.jpg\" alt=\"affreschi-cattedrale-lodi\" width=\"336\" height=\"252\" srcset=\"https:\/\/mirandalovestravelling.com\/media\/2016\/08\/Lodo2019-21-336x252.jpg 336w, https:\/\/mirandalovestravelling.com\/media\/2016\/08\/Lodo2019-21-768x576.jpg 768w, https:\/\/mirandalovestravelling.com\/media\/2016\/08\/Lodo2019-21-80x60.jpg 80w, https:\/\/mirandalovestravelling.com\/media\/2016\/08\/Lodo2019-21.jpg 1920w\" sizes=\"(max-width: 336px) 100vw, 336px\" \/><figcaption id=\"caption-attachment-199500\" class=\"wp-caption-text\">Affreschi nella Cattedrale<\/figcaption><\/figure>\n<p>Dopo di ci\u00f2, vennero fatti molti lavori di ristrutturazione e ampliamento, per questo alcune parti sono in stile romanico e altre parti sono in stile gotico.<\/p>\n<p><strong>Il campanile \u00e8 stato aggiunto nel XVI secolo<\/strong>. Sulla parete interna sono rimasti alcuni bellissimi affreschi che sono stati realizzati principalmente nel 15 \u00b0 secolo.<\/p>\n<p>Mi chiedo se il muro in passato fosse pieno di affreschi, sarebbe spettacolare, come alcune delle <strong>chiese ortodosse in Georgia<\/strong> e in altri paesi.<\/p>\n<p>La parte pi\u00f9 antica della cattedrale \u00e8 la cripta e c&#8217;\u00e8 una magnifica bara.<\/p>\n<figure id=\"attachment_199504\" aria-describedby=\"caption-attachment-199504\" style=\"width: 336px\" class=\"wp-caption alignright\"><img decoding=\"async\" class=\"wp-image-199504 size-mlt-medium\" title=\"Il bellissimo soffitto della Cattedrale\" src=\"https:\/\/mirandalovestravelling.com\/media\/2016\/08\/Lodo2019-22-e1557763891656-336x336.jpg\" alt=\"soffitto-cattedrale-lodi\" width=\"336\" height=\"336\" \/><figcaption id=\"caption-attachment-199504\" class=\"wp-caption-text\">Il soffitto del museo nella Cattedrale<\/figcaption><\/figure>\n<p>Qui \u00e8 sepolto il <strong>santo patrono San Bassiano<\/strong>, che visse nel IV secolo.<\/p>\n<p>Inoltre, c&#8217;era una parte pi\u00f9 recente con le tombe moderne attaccate alla cripta.<\/p>\n<p>Dovevano essere destinate ai vescovi di questa cattedrale.<\/p>\n<p>C&#8217;era una scala sul lato destro dell&#8217;altare, e quando siamo saliti, abbiamo trovato un museo di <strong>arte sacra<\/strong>.<\/p>\n<p>Il soffitto era impressionante, molto pi\u00f9 delle mostre.<\/p>\n<p>&nbsp;<\/p>\n<p>&nbsp;<\/p>\n","protected":false},"excerpt":{"rendered":"<p>[ Apr.2019 ] La cattedrale di Lodi, una citt\u00e0 della Lombardia, si affaccia su una grande piazza chiamata Piazza della Vittoria. L&#8217;esterno della Cattedrale \u00e8 piuttosto semplice ed \u00e8 fatto di mattoni. I leoni deformati,&#8230;<\/p>\n","protected":false},"author":10,"featured_media":199485,"comment_status":"open","ping_status":"closed","sticky":false,"template":"","format":"standard","meta":{"_relevanssi_hide_post":"","_relevanssi_hide_content":"","_relevanssi_pin_for_all":"","_relevanssi_pin_keywords":"","_relevanssi_unpin_keywords":"","_relevanssi_related_keywords":"","_relevanssi_related_include_ids":"","_relevanssi_related_exclude_ids":"","_relevanssi_related_no_append":"","_relevanssi_related_not_related":"","_relevanssi_related_posts":"","_relevanssi_noindex_reason":""},"categories":[398,834],"tags":[],"typology":[],"yoast_head":"<title>La Cattedrale di Lodi<\/title>\n<meta name=\"description\" content=\"La cattedrale di Lodi, una citt\u00e0 della Lombardia, si affaccia su una grande piazza chiamata Piazza della Vittoria. L&#039;esterno della Cattedrale \u00e8 piuttosto\" \/>\n<meta name=\"robots\" content=\"index, follow, max-snippet:-1, max-image-preview:large, max-video-preview:-1\" \/>\n<link rel=\"canonical\" href=\"https:\/\/mirandalovestravelling.com\/it\/wp-json\/wp\/v2\/posts\/199930\" \/>\n<meta property=\"og:locale\" content=\"it_IT\" \/>\n<meta property=\"og:type\" content=\"article\" \/>\n<meta property=\"og:title\" content=\"La Cattedrale di Lodi\" \/>\n<meta property=\"og:description\" content=\"La cattedrale di Lodi, una citt\u00e0 della Lombardia, si affaccia su una grande piazza chiamata Piazza della Vittoria. L&#039;esterno della Cattedrale \u00e8 piuttosto\" \/>\n<meta property=\"og:url\" content=\"https:\/\/mirandalovestravelling.com\/it\/la-cattedrale-di-lodi\/\" \/>\n<meta property=\"og:site_name\" content=\"Miranda Loves Travelling\" \/>\n<meta property=\"article:published_time\" content=\"2019-05-20T08:47:57+00:00\" \/>\n<meta property=\"article:modified_time\" content=\"2019-05-18T10:23:52+00:00\" \/>\n<meta property=\"og:image\" content=\"https:\/\/mirandalovestravelling.com\/media\/2016\/08\/Lodo2019-17.jpg\" \/>\n\t<meta property=\"og:image:width\" content=\"1920\" \/>\n\t<meta property=\"og:image:height\" content=\"1440\" \/>\n\t<meta property=\"og:image:type\" content=\"image\/jpeg\" \/>\n<meta name=\"author\" content=\"Miranda\" \/>\n<meta name=\"twitter:card\" content=\"summary_large_image\" \/>\n<meta name=\"twitter:label1\" content=\"Scritto da\" \/>\n\t<meta name=\"twitter:data1\" content=\"\" \/>\n\t<meta name=\"twitter:label2\" content=\"Tempo di lettura stimato\" \/>\n\t<meta name=\"twitter:data2\" content=\"2 minuti\" \/>\n<script type=\"application\/ld+json\" class=\"yoast-schema-graph\">{\"@context\":\"https:\/\/schema.org\",\"@graph\":[{\"@type\":\"WebPage\",\"@id\":\"https:\/\/mirandalovestravelling.com\/it\/la-cattedrale-di-lodi\/\",\"url\":\"https:\/\/mirandalovestravelling.com\/it\/la-cattedrale-di-lodi\/\",\"name\":\"La Cattedrale di Lodi\",\"isPartOf\":{\"@id\":\"https:\/\/mirandalovestravelling.com\/it\/#website\"},\"datePublished\":\"2019-05-20T08:47:57+00:00\",\"dateModified\":\"2019-05-18T10:23:52+00:00\",\"author\":{\"@id\":\"https:\/\/mirandalovestravelling.com\/it\/#\/schema\/person\/87298ef6c6b6c2d9f8cbd1d0850c2ac8\"},\"description\":\"La cattedrale di Lodi, una citt\u00e0 della Lombardia, si affaccia su una grande piazza chiamata Piazza della Vittoria. L'esterno della Cattedrale \u00e8 piuttosto\",\"breadcrumb\":{\"@id\":\"https:\/\/mirandalovestravelling.com\/it\/la-cattedrale-di-lodi\/#breadcrumb\"},\"inLanguage\":\"it-IT\",\"potentialAction\":[{\"@type\":\"ReadAction\",\"target\":[\"https:\/\/mirandalovestravelling.com\/it\/la-cattedrale-di-lodi\/\"]}]},{\"@type\":\"BreadcrumbList\",\"@id\":\"https:\/\/mirandalovestravelling.com\/it\/la-cattedrale-di-lodi\/#breadcrumb\",\"itemListElement\":[{\"@type\":\"ListItem\",\"position\":1,\"name\":\"Home\",\"item\":\"https:\/\/mirandalovestravelling.com\/it\/\"},{\"@type\":\"ListItem\",\"position\":2,\"name\":\"Italia\",\"item\":\"https:\/\/mirandalovestravelling.com\/it\/location\/italia\/\"},{\"@type\":\"ListItem\",\"position\":3,\"name\":\"Lombardia\",\"item\":\"https:\/\/mirandalovestravelling.com\/it\/location\/italia\/lombardia\/\"},{\"@type\":\"ListItem\",\"position\":4,\"name\":\"La Cattedrale di Lodi\"}]},{\"@type\":\"WebSite\",\"@id\":\"https:\/\/mirandalovestravelling.com\/it\/#website\",\"url\":\"https:\/\/mirandalovestravelling.com\/it\/\",\"name\":\"Miranda Loves Travelling\",\"description\":\"My Travel Diary\",\"potentialAction\":[{\"@type\":\"SearchAction\",\"target\":{\"@type\":\"EntryPoint\",\"urlTemplate\":\"https:\/\/mirandalovestravelling.com\/it\/?s={search_term_string}\"},\"query-input\":\"required name=search_term_string\"}],\"inLanguage\":\"it-IT\"},{\"@type\":\"Person\",\"@id\":\"https:\/\/mirandalovestravelling.com\/it\/#\/schema\/person\/87298ef6c6b6c2d9f8cbd1d0850c2ac8\",\"name\":\"Miranda\",\"image\":{\"@type\":\"ImageObject\",\"inLanguage\":\"it-IT\",\"@id\":\"https:\/\/mirandalovestravelling.com\/it\/#\/schema\/person\/image\/\",\"url\":\"https:\/\/secure.gravatar.com\/avatar\/979d7e5ee6a879380bc5301d98046c08?s=96&r=g\",\"contentUrl\":\"https:\/\/secure.gravatar.com\/avatar\/979d7e5ee6a879380bc5301d98046c08?s=96&r=g\",\"caption\":\"Miranda\"},\"description\":\"We are a couple who love travelling all over the world. Walking in the unknown towns, taking photos and eating local foods are the purpose of our life. When we are not travelling, we are always planning for the next journeys.\"}]}<\/script>","yoast_head_json":{"title":"La Cattedrale di Lodi","description":"La cattedrale di Lodi, una citt\u00e0 della Lombardia, si affaccia su una grande piazza chiamata Piazza della Vittoria. L'esterno della Cattedrale \u00e8 piuttosto","robots":{"index":"index","follow":"follow","max-snippet":"max-snippet:-1","max-image-preview":"max-image-preview:large","max-video-preview":"max-video-preview:-1"},"canonical":"https:\/\/mirandalovestravelling.com\/it\/wp-json\/wp\/v2\/posts\/199930","og_locale":"it_IT","og_type":"article","og_title":"La Cattedrale di Lodi","og_description":"La cattedrale di Lodi, una citt\u00e0 della Lombardia, si affaccia su una grande piazza chiamata Piazza della Vittoria. L'esterno della Cattedrale \u00e8 piuttosto","og_url":"https:\/\/mirandalovestravelling.com\/it\/la-cattedrale-di-lodi\/","og_site_name":"Miranda Loves Travelling","article_published_time":"2019-05-20T08:47:57+00:00","article_modified_time":"2019-05-18T10:23:52+00:00","og_image":[{"width":1920,"height":1440,"url":"https:\/\/mirandalovestravelling.com\/media\/2016\/08\/Lodo2019-17.jpg","type":"image\/jpeg"}],"author":"Miranda","twitter_card":"summary_large_image","twitter_misc":{"Scritto da":false,"Tempo di lettura stimato":"2 minuti"},"schema":{"@context":"https:\/\/schema.org","@graph":[{"@type":"WebPage","@id":"https:\/\/mirandalovestravelling.com\/it\/la-cattedrale-di-lodi\/","url":"https:\/\/mirandalovestravelling.com\/it\/la-cattedrale-di-lodi\/","name":"La Cattedrale di Lodi","isPartOf":{"@id":"https:\/\/mirandalovestravelling.com\/it\/#website"},"datePublished":"2019-05-20T08:47:57+00:00","dateModified":"2019-05-18T10:23:52+00:00","author":{"@id":"https:\/\/mirandalovestravelling.com\/it\/#\/schema\/person\/87298ef6c6b6c2d9f8cbd1d0850c2ac8"},"description":"La cattedrale di Lodi, una citt\u00e0 della Lombardia, si affaccia su una grande piazza chiamata Piazza della Vittoria. L'esterno della Cattedrale \u00e8 piuttosto","breadcrumb":{"@id":"https:\/\/mirandalovestravelling.com\/it\/la-cattedrale-di-lodi\/#breadcrumb"},"inLanguage":"it-IT","potentialAction":[{"@type":"ReadAction","target":["https:\/\/mirandalovestravelling.com\/it\/la-cattedrale-di-lodi\/"]}]},{"@type":"BreadcrumbList","@id":"https:\/\/mirandalovestravelling.com\/it\/la-cattedrale-di-lodi\/#breadcrumb","itemListElement":[{"@type":"ListItem","position":1,"name":"Home","item":"https:\/\/mirandalovestravelling.com\/it\/"},{"@type":"ListItem","position":2,"name":"Italia","item":"https:\/\/mirandalovestravelling.com\/it\/location\/italia\/"},{"@type":"ListItem","position":3,"name":"Lombardia","item":"https:\/\/mirandalovestravelling.com\/it\/location\/italia\/lombardia\/"},{"@type":"ListItem","position":4,"name":"La Cattedrale di Lodi"}]},{"@type":"WebSite","@id":"https:\/\/mirandalovestravelling.com\/it\/#website","url":"https:\/\/mirandalovestravelling.com\/it\/","name":"Miranda Loves Travelling","description":"My Travel Diary","potentialAction":[{"@type":"SearchAction","target":{"@type":"EntryPoint","urlTemplate":"https:\/\/mirandalovestravelling.com\/it\/?s={search_term_string}"},"query-input":"required name=search_term_string"}],"inLanguage":"it-IT"},{"@type":"Person","@id":"https:\/\/mirandalovestravelling.com\/it\/#\/schema\/person\/87298ef6c6b6c2d9f8cbd1d0850c2ac8","name":"Miranda","image":{"@type":"ImageObject","inLanguage":"it-IT","@id":"https:\/\/mirandalovestravelling.com\/it\/#\/schema\/person\/image\/","url":"https:\/\/secure.gravatar.com\/avatar\/979d7e5ee6a879380bc5301d98046c08?s=96&r=g","contentUrl":"https:\/\/secure.gravatar.com\/avatar\/979d7e5ee6a879380bc5301d98046c08?s=96&r=g","caption":"Miranda"},"description":"We are a couple who love travelling all over the world. Walking in the unknown towns, taking photos and eating local foods are the purpose of our life. When we are not travelling, we are always planning for the next journeys."}]}},"_links":{"self":[{"href":"https:\/\/mirandalovestravelling.com\/it\/wp-json\/wp\/v2\/posts\/199930"}],"collection":[{"href":"https:\/\/mirandalovestravelling.com\/it\/wp-json\/wp\/v2\/posts"}],"about":[{"href":"https:\/\/mirandalovestravelling.com\/it\/wp-json\/wp\/v2\/types\/post"}],"author":[{"embeddable":true,"href":"https:\/\/mirandalovestravelling.com\/it\/wp-json\/wp\/v2\/users\/10"}],"replies":[{"embeddable":true,"href":"https:\/\/mirandalovestravelling.com\/it\/wp-json\/wp\/v2\/comments?post=199930"}],"version-history":[{"count":0,"href":"https:\/\/mirandalovestravelling.com\/it\/wp-json\/wp\/v2\/posts\/199930\/revisions"}],"wp:featuredmedia":[{"embeddable":true,"href":"https:\/\/mirandalovestravelling.com\/it\/wp-json\/wp\/v2\/media\/199485"}],"wp:attachment":[{"href":"https:\/\/mirandalovestravelling.com\/it\/wp-json\/wp\/v2\/media?parent=199930"}],"wp:term":[{"taxonomy":"category","embeddable":true,"href":"https:\/\/mirandalovestravelling.com\/it\/wp-json\/wp\/v2\/categories?post=199930"},{"taxonomy":"post_tag","embeddable":true,"href":"https:\/\/mirandalovestravelling.com\/it\/wp-json\/wp\/v2\/tags?post=199930"},{"taxonomy":"typology","embeddable":true,"href":"https:\/\/mirandalovestravelling.com\/it\/wp-json\/wp\/v2\/typology?post=199930"}],"curies":[{"name":"wp","href":"https:\/\/api.w.org\/{rel}","templated":true}]}}