{"id":224677,"date":"2021-04-19T08:49:47","date_gmt":"2021-04-19T08:49:47","guid":{"rendered":"https:\/\/mirandalovestravelling.com\/?p=224677"},"modified":"2021-04-18T16:01:24","modified_gmt":"2021-04-18T16:01:24","slug":"il-paradiso-come-la-gente-se-lo-immangina","status":"publish","type":"post","link":"https:\/\/mirandalovestravelling.com\/it\/il-paradiso-come-la-gente-se-lo-immangina\/","title":{"rendered":"Il paradiso come la gente se lo immangina"},"content":{"rendered":"<p><img decoding=\"async\" class=\"aligncenter wp-image-220280 size-full\" src=\"https:\/\/mirandalovestravelling.com\/media\/2021\/01\/Gennaio-2021-versione-italiana-2.jpg\" alt=\"Covid Italia\" width=\"668\" height=\"74\" srcset=\"https:\/\/mirandalovestravelling.com\/media\/2021\/01\/Gennaio-2021-versione-italiana-2.jpg 668w, https:\/\/mirandalovestravelling.com\/media\/2021\/01\/Gennaio-2021-versione-italiana-2-336x37.jpg 336w\" sizes=\"(max-width: 668px) 100vw, 668px\" \/><\/p>\n<p>Il giorno in cui abbiamo visitato San Marino in <a href=\"https:\/\/mirandalovestravelling.com\/it\/location\/italia\/\">Italia<\/a>, il quinto paese pi\u00f9 piccolo del mondo, ho pranzato con dei deliziosi Cappelletti poi siamo usciti e ho scoperto che la nebbia si era diradata e il cielo era di un blu intenso.<\/p>\n<figure id=\"attachment_224458\" aria-describedby=\"caption-attachment-224458\" style=\"width: 336px\" class=\"wp-caption alignleft\"><img decoding=\"async\" class=\"wp-image-224458 size-mlt-medium\" src=\"https:\/\/mirandalovestravelling.com\/media\/2021\/04\/San-Marino-17-336x226.jpg\" alt=\"Il mondo sottostante\" width=\"336\" height=\"226\" srcset=\"https:\/\/mirandalovestravelling.com\/media\/2021\/04\/San-Marino-17-336x226.jpg 336w, https:\/\/mirandalovestravelling.com\/media\/2021\/04\/San-Marino-17-768x516.jpg 768w, https:\/\/mirandalovestravelling.com\/media\/2021\/04\/San-Marino-17.jpg 1920w\" sizes=\"(max-width: 336px) 100vw, 336px\" \/><figcaption id=\"caption-attachment-224458\" class=\"wp-caption-text\">Separati dal mondo sottostante<\/figcaption><\/figure>\n<p>Tuttavia, il mondo inferiore era circondato da nuvole.<\/p>\n<p>Sembrava che fossimo in un mondo completamente separato dal mondo inferiore, e mi chiedevo se <strong>il paradiso che la gente immagina fosse cos\u00ec.<\/strong><\/p>\n<p>Era la mia prima volta a San Marino, ma mio marito, che era stato molte volte per lavoro e vacanze, ha detto che questa era la prima volta che vedeva questo scenario.<\/p>\n<p>Le strade di pietra, che sembra essere affollate di gente in estate, erano tranquille quel giorno di fine novembre.<\/p>\n<figure id=\"attachment_224506\" aria-describedby=\"caption-attachment-224506\" style=\"width: 336px\" class=\"wp-caption alignright\"><img decoding=\"async\" class=\"wp-image-224506 size-mlt-medium\" src=\"https:\/\/mirandalovestravelling.com\/media\/2021\/04\/San-Marino-29-336x226.jpg\" alt=\"Il Castello di San Marino\" width=\"336\" height=\"226\" srcset=\"https:\/\/mirandalovestravelling.com\/media\/2021\/04\/San-Marino-29-336x226.jpg 336w, https:\/\/mirandalovestravelling.com\/media\/2021\/04\/San-Marino-29-768x516.jpg 768w, https:\/\/mirandalovestravelling.com\/media\/2021\/04\/San-Marino-29.jpg 1920w\" sizes=\"(max-width: 336px) 100vw, 336px\" \/><figcaption id=\"caption-attachment-224506\" class=\"wp-caption-text\">Impressionate Castello della Guaita<\/figcaption><\/figure>\n<p>San Marino \u00e8 famosa per le rovine del suo castello che si erge in cima alla collina a forma di triangolo.<\/p>\n<p>Non lo sapevo finch\u00e9 non ci sono andata, ma c&#8217;erano tre castelli.<\/p>\n<p>Sono fortezze che hanno protetto il Paese dalle aggressioni.<\/p>\n<p>La pi\u00f9 antica e pittoresca \u00e8 la <a href=\"https:\/\/www.sanmarinosite.com\/cosa-vedere\/monumenti\/rocche\/\" target=\"_blank\" rel=\"noopener noreferrer\">Guaita<\/a> dell&#8217;XI secolo.<\/p>\n<p>Si dice che fosse un forte che serviva anche come prigione.<\/p>\n<figure id=\"attachment_224602\" aria-describedby=\"caption-attachment-224602\" style=\"width: 336px\" class=\"wp-caption alignleft\"><img decoding=\"async\" class=\"wp-image-224602 size-mlt-medium\" src=\"https:\/\/mirandalovestravelling.com\/media\/2021\/04\/San-Marino-53-336x465.jpg\" alt=\"Panorama dal Castello di San Marino\" width=\"336\" height=\"465\" srcset=\"https:\/\/mirandalovestravelling.com\/media\/2021\/04\/San-Marino-53-336x465.jpg 336w, https:\/\/mirandalovestravelling.com\/media\/2021\/04\/San-Marino-53-768x1063.jpg 768w, https:\/\/mirandalovestravelling.com\/media\/2021\/04\/San-Marino-53.jpg 1920w\" sizes=\"(max-width: 336px) 100vw, 336px\" \/><figcaption id=\"caption-attachment-224602\" class=\"wp-caption-text\">Dalle finestre medioevali<\/figcaption><\/figure>\n<p>La posizione del castello \u00e8 unica, il che ti d\u00e0 comunque una forte impressione, ma poich\u00e9 il mondo inferiore era tra le nuvole quel giorno, l&#8217;espressione &#8220;<strong>castello nel cielo<\/strong>&#8221; era perfetta.<\/p>\n<p>Valeva la pena fare delle foto.<\/p>\n<p>Oltre a Guaita, ci sono Cesta, costruita nel XIII secolo, e Montale nel XIV secolo.<\/p>\n<p><strong>Guaita e Cesta<\/strong> erano aperte al pubblico, cos\u00ec siamo entrati.<\/p>\n<p>Le armi erano gli oggetti principali in mostra e il resto era vuoto, quindi non mi interessava molto, ma anche la vista dalla finestra era fantastica.<\/p>\n<p>Nel frattempo il sole stava gradualmente tramontando.<\/p>\n<p>Era novembre, quindi il sole tramontava presto.<\/p>\n<p>Poi, durante l&#8217;ora blu dopo il tramonto, la luna si alz\u00f2 improvvisamente.<\/p>\n<p>Adesso era il momento di tornare a casa e quando abbiamo chiesto la strada per il parcheggio, il poliziotto ci ha salutato.<\/p>\n<p><strong>Era la cultura di questo paese?<\/strong><\/p>\n<p>Quando siamo arrivati \u200b\u200bal parcheggio, un uomo e una donna stavano litigando.<\/p>\n<p>La donna era arrabbiata con l&#8217;uomo, dicendo: &#8220;Siamo stati fuori casa per meno di 20 minuti, ma hai chiamato tua madre sei volte!&#8221;<\/p>\n<p>Non era chiaro se questa coppia fosse sammarinese o italiana, ma quasi tutti gli uomini qui intorno sono molto attaccati alla lor madre, indipendentemente dal paese.<\/p>\n<p>A proposito, in Italia, il figlio attaccato molto alla madre si chiama &#8220;<strong>Mammone<\/strong>&#8220;.<\/p>\n<p>[Nov. 2009]<\/p>\n","protected":false},"excerpt":{"rendered":"<p>Il giorno in cui abbiamo visitato San Marino in Italia, il quinto paese pi\u00f9 piccolo del mondo, ho pranzato con dei deliziosi Cappelletti poi siamo usciti e ho scoperto che la nebbia si era diradata&#8230;<\/p>\n","protected":false},"author":10,"featured_media":224523,"comment_status":"open","ping_status":"closed","sticky":false,"template":"","format":"standard","meta":{"_relevanssi_hide_post":"","_relevanssi_hide_content":"","_relevanssi_pin_for_all":"","_relevanssi_pin_keywords":"","_relevanssi_unpin_keywords":"","_relevanssi_related_keywords":"","_relevanssi_related_include_ids":"","_relevanssi_related_exclude_ids":"","_relevanssi_related_no_append":"","_relevanssi_related_not_related":"","_relevanssi_related_posts":"","_relevanssi_noindex_reason":""},"categories":[414],"tags":[],"typology":[],"yoast_head":"<title>Dall&#039;alto del Castello di San Marino sembra di essere in Paradiso<\/title>\n<meta name=\"description\" content=\"Il giorno in cui abbiamo visitato San Marino, il quinto paese pi\u00f9 piccolo del mondo, ho pranzato con dei buonissimo Cappelletti..\" \/>\n<meta name=\"robots\" content=\"index, follow, max-snippet:-1, max-image-preview:large, max-video-preview:-1\" \/>\n<link rel=\"canonical\" href=\"https:\/\/mirandalovestravelling.com\/it\/wp-json\/wp\/v2\/posts\/224677\" \/>\n<meta property=\"og:locale\" content=\"it_IT\" \/>\n<meta property=\"og:type\" content=\"article\" \/>\n<meta property=\"og:title\" content=\"Dall&#039;alto del Castello di San Marino sembra di essere in Paradiso\" \/>\n<meta property=\"og:description\" content=\"Il giorno in cui abbiamo visitato San Marino, il quinto paese pi\u00f9 piccolo del mondo, ho pranzato con dei buonissimo Cappelletti..\" \/>\n<meta property=\"og:url\" content=\"https:\/\/mirandalovestravelling.com\/it\/il-paradiso-come-la-gente-se-lo-immangina\/\" \/>\n<meta property=\"og:site_name\" content=\"Miranda Loves Travelling\" \/>\n<meta property=\"article:published_time\" content=\"2021-04-19T08:49:47+00:00\" \/>\n<meta property=\"article:modified_time\" content=\"2021-04-18T16:01:24+00:00\" \/>\n<meta property=\"og:image\" content=\"https:\/\/mirandalovestravelling.com\/media\/2021\/04\/San-Marino-33.jpg\" \/>\n\t<meta property=\"og:image:width\" content=\"1920\" \/>\n\t<meta property=\"og:image:height\" content=\"1289\" \/>\n\t<meta property=\"og:image:type\" content=\"image\/jpeg\" \/>\n<meta name=\"author\" content=\"Miranda\" \/>\n<meta name=\"twitter:card\" content=\"summary_large_image\" \/>\n<meta name=\"twitter:label1\" content=\"Scritto da\" \/>\n\t<meta name=\"twitter:data1\" content=\"\" \/>\n\t<meta name=\"twitter:label2\" content=\"Tempo di lettura stimato\" \/>\n\t<meta name=\"twitter:data2\" content=\"2 minuti\" \/>\n<script type=\"application\/ld+json\" class=\"yoast-schema-graph\">{\"@context\":\"https:\/\/schema.org\",\"@graph\":[{\"@type\":\"WebPage\",\"@id\":\"https:\/\/mirandalovestravelling.com\/it\/il-paradiso-come-la-gente-se-lo-immangina\/\",\"url\":\"https:\/\/mirandalovestravelling.com\/it\/il-paradiso-come-la-gente-se-lo-immangina\/\",\"name\":\"Dall'alto del Castello di San Marino sembra di essere in Paradiso\",\"isPartOf\":{\"@id\":\"https:\/\/mirandalovestravelling.com\/it\/#website\"},\"datePublished\":\"2021-04-19T08:49:47+00:00\",\"dateModified\":\"2021-04-18T16:01:24+00:00\",\"author\":{\"@id\":\"https:\/\/mirandalovestravelling.com\/it\/#\/schema\/person\/87298ef6c6b6c2d9f8cbd1d0850c2ac8\"},\"description\":\"Il giorno in cui abbiamo visitato San Marino, il quinto paese pi\u00f9 piccolo del mondo, ho pranzato con dei buonissimo Cappelletti..\",\"breadcrumb\":{\"@id\":\"https:\/\/mirandalovestravelling.com\/it\/il-paradiso-come-la-gente-se-lo-immangina\/#breadcrumb\"},\"inLanguage\":\"it-IT\",\"potentialAction\":[{\"@type\":\"ReadAction\",\"target\":[\"https:\/\/mirandalovestravelling.com\/it\/il-paradiso-come-la-gente-se-lo-immangina\/\"]}]},{\"@type\":\"BreadcrumbList\",\"@id\":\"https:\/\/mirandalovestravelling.com\/it\/il-paradiso-come-la-gente-se-lo-immangina\/#breadcrumb\",\"itemListElement\":[{\"@type\":\"ListItem\",\"position\":1,\"name\":\"Home\",\"item\":\"https:\/\/mirandalovestravelling.com\/it\/\"},{\"@type\":\"ListItem\",\"position\":2,\"name\":\"Repubblica di San Marino\",\"item\":\"https:\/\/mirandalovestravelling.com\/it\/location\/repubblica-san-marino\/\"},{\"@type\":\"ListItem\",\"position\":3,\"name\":\"Il paradiso come la gente se lo immangina\"}]},{\"@type\":\"WebSite\",\"@id\":\"https:\/\/mirandalovestravelling.com\/it\/#website\",\"url\":\"https:\/\/mirandalovestravelling.com\/it\/\",\"name\":\"Miranda Loves Travelling\",\"description\":\"My Travel Diary\",\"potentialAction\":[{\"@type\":\"SearchAction\",\"target\":{\"@type\":\"EntryPoint\",\"urlTemplate\":\"https:\/\/mirandalovestravelling.com\/it\/?s={search_term_string}\"},\"query-input\":\"required name=search_term_string\"}],\"inLanguage\":\"it-IT\"},{\"@type\":\"Person\",\"@id\":\"https:\/\/mirandalovestravelling.com\/it\/#\/schema\/person\/87298ef6c6b6c2d9f8cbd1d0850c2ac8\",\"name\":\"Miranda\",\"image\":{\"@type\":\"ImageObject\",\"inLanguage\":\"it-IT\",\"@id\":\"https:\/\/mirandalovestravelling.com\/it\/#\/schema\/person\/image\/\",\"url\":\"https:\/\/secure.gravatar.com\/avatar\/979d7e5ee6a879380bc5301d98046c08?s=96&r=g\",\"contentUrl\":\"https:\/\/secure.gravatar.com\/avatar\/979d7e5ee6a879380bc5301d98046c08?s=96&r=g\",\"caption\":\"Miranda\"},\"description\":\"We are a couple who love travelling all over the world. Walking in the unknown towns, taking photos and eating local foods are the purpose of our life. When we are not travelling, we are always planning for the next journeys.\"}]}<\/script>","yoast_head_json":{"title":"Dall'alto del Castello di San Marino sembra di essere in Paradiso","description":"Il giorno in cui abbiamo visitato San Marino, il quinto paese pi\u00f9 piccolo del mondo, ho pranzato con dei buonissimo Cappelletti..","robots":{"index":"index","follow":"follow","max-snippet":"max-snippet:-1","max-image-preview":"max-image-preview:large","max-video-preview":"max-video-preview:-1"},"canonical":"https:\/\/mirandalovestravelling.com\/it\/wp-json\/wp\/v2\/posts\/224677","og_locale":"it_IT","og_type":"article","og_title":"Dall'alto del Castello di San Marino sembra di essere in Paradiso","og_description":"Il giorno in cui abbiamo visitato San Marino, il quinto paese pi\u00f9 piccolo del mondo, ho pranzato con dei buonissimo Cappelletti..","og_url":"https:\/\/mirandalovestravelling.com\/it\/il-paradiso-come-la-gente-se-lo-immangina\/","og_site_name":"Miranda Loves Travelling","article_published_time":"2021-04-19T08:49:47+00:00","article_modified_time":"2021-04-18T16:01:24+00:00","og_image":[{"width":1920,"height":1289,"url":"https:\/\/mirandalovestravelling.com\/media\/2021\/04\/San-Marino-33.jpg","type":"image\/jpeg"}],"author":"Miranda","twitter_card":"summary_large_image","twitter_misc":{"Scritto da":false,"Tempo di lettura stimato":"2 minuti"},"schema":{"@context":"https:\/\/schema.org","@graph":[{"@type":"WebPage","@id":"https:\/\/mirandalovestravelling.com\/it\/il-paradiso-come-la-gente-se-lo-immangina\/","url":"https:\/\/mirandalovestravelling.com\/it\/il-paradiso-come-la-gente-se-lo-immangina\/","name":"Dall'alto del Castello di San Marino sembra di essere in Paradiso","isPartOf":{"@id":"https:\/\/mirandalovestravelling.com\/it\/#website"},"datePublished":"2021-04-19T08:49:47+00:00","dateModified":"2021-04-18T16:01:24+00:00","author":{"@id":"https:\/\/mirandalovestravelling.com\/it\/#\/schema\/person\/87298ef6c6b6c2d9f8cbd1d0850c2ac8"},"description":"Il giorno in cui abbiamo visitato San Marino, il quinto paese pi\u00f9 piccolo del mondo, ho pranzato con dei buonissimo Cappelletti..","breadcrumb":{"@id":"https:\/\/mirandalovestravelling.com\/it\/il-paradiso-come-la-gente-se-lo-immangina\/#breadcrumb"},"inLanguage":"it-IT","potentialAction":[{"@type":"ReadAction","target":["https:\/\/mirandalovestravelling.com\/it\/il-paradiso-come-la-gente-se-lo-immangina\/"]}]},{"@type":"BreadcrumbList","@id":"https:\/\/mirandalovestravelling.com\/it\/il-paradiso-come-la-gente-se-lo-immangina\/#breadcrumb","itemListElement":[{"@type":"ListItem","position":1,"name":"Home","item":"https:\/\/mirandalovestravelling.com\/it\/"},{"@type":"ListItem","position":2,"name":"Repubblica di San Marino","item":"https:\/\/mirandalovestravelling.com\/it\/location\/repubblica-san-marino\/"},{"@type":"ListItem","position":3,"name":"Il paradiso come la gente se lo immangina"}]},{"@type":"WebSite","@id":"https:\/\/mirandalovestravelling.com\/it\/#website","url":"https:\/\/mirandalovestravelling.com\/it\/","name":"Miranda Loves Travelling","description":"My Travel Diary","potentialAction":[{"@type":"SearchAction","target":{"@type":"EntryPoint","urlTemplate":"https:\/\/mirandalovestravelling.com\/it\/?s={search_term_string}"},"query-input":"required name=search_term_string"}],"inLanguage":"it-IT"},{"@type":"Person","@id":"https:\/\/mirandalovestravelling.com\/it\/#\/schema\/person\/87298ef6c6b6c2d9f8cbd1d0850c2ac8","name":"Miranda","image":{"@type":"ImageObject","inLanguage":"it-IT","@id":"https:\/\/mirandalovestravelling.com\/it\/#\/schema\/person\/image\/","url":"https:\/\/secure.gravatar.com\/avatar\/979d7e5ee6a879380bc5301d98046c08?s=96&r=g","contentUrl":"https:\/\/secure.gravatar.com\/avatar\/979d7e5ee6a879380bc5301d98046c08?s=96&r=g","caption":"Miranda"},"description":"We are a couple who love travelling all over the world. Walking in the unknown towns, taking photos and eating local foods are the purpose of our life. When we are not travelling, we are always planning for the next journeys."}]}},"_links":{"self":[{"href":"https:\/\/mirandalovestravelling.com\/it\/wp-json\/wp\/v2\/posts\/224677"}],"collection":[{"href":"https:\/\/mirandalovestravelling.com\/it\/wp-json\/wp\/v2\/posts"}],"about":[{"href":"https:\/\/mirandalovestravelling.com\/it\/wp-json\/wp\/v2\/types\/post"}],"author":[{"embeddable":true,"href":"https:\/\/mirandalovestravelling.com\/it\/wp-json\/wp\/v2\/users\/10"}],"replies":[{"embeddable":true,"href":"https:\/\/mirandalovestravelling.com\/it\/wp-json\/wp\/v2\/comments?post=224677"}],"version-history":[{"count":0,"href":"https:\/\/mirandalovestravelling.com\/it\/wp-json\/wp\/v2\/posts\/224677\/revisions"}],"wp:featuredmedia":[{"embeddable":true,"href":"https:\/\/mirandalovestravelling.com\/it\/wp-json\/wp\/v2\/media\/224523"}],"wp:attachment":[{"href":"https:\/\/mirandalovestravelling.com\/it\/wp-json\/wp\/v2\/media?parent=224677"}],"wp:term":[{"taxonomy":"category","embeddable":true,"href":"https:\/\/mirandalovestravelling.com\/it\/wp-json\/wp\/v2\/categories?post=224677"},{"taxonomy":"post_tag","embeddable":true,"href":"https:\/\/mirandalovestravelling.com\/it\/wp-json\/wp\/v2\/tags?post=224677"},{"taxonomy":"typology","embeddable":true,"href":"https:\/\/mirandalovestravelling.com\/it\/wp-json\/wp\/v2\/typology?post=224677"}],"curies":[{"name":"wp","href":"https:\/\/api.w.org\/{rel}","templated":true}]}}