{"id":237893,"date":"2022-03-08T09:02:40","date_gmt":"2022-03-08T09:02:40","guid":{"rendered":"https:\/\/mirandalovestravelling.com\/riding-the-tram-no-28-all-the-way-to-the-last-stop\/"},"modified":"2022-06-25T09:10:22","modified_gmt":"2022-06-25T09:10:22","slug":"viaggiare-sul-tram-no-28-a-lisbona-dallinizio-alla-fine","status":"publish","type":"post","link":"https:\/\/mirandalovestravelling.com\/it\/viaggiare-sul-tram-no-28-a-lisbona-dallinizio-alla-fine\/","title":{"rendered":"Viaggiare sul tram No. 28 a Lisbona dall&#8217;inizio alla fine"},"content":{"rendered":"<p>Siamo saliti a bordo del tram n. 28 dalla parte anteriore della Basilica di Estrela a <a href=\"https:\/\/mirandalovestravelling.com\/it\/location\/portogallo\/lisbona\/\">Lisbona<\/a>, in <a href=\"https:\/\/mirandalovestravelling.com\/it\/location\/portogallo\/\">Portogallo<\/a>.<\/p>\n<figure id=\"attachment_235026\" aria-describedby=\"caption-attachment-235026\" style=\"width: 336px\" class=\"wp-caption alignleft\"><img decoding=\"async\" class=\"wp-image-235026 size-mlt-medium\" src=\"https:\/\/mirandalovestravelling.com\/media\/2022\/02\/Lisbon-2021-90-336x223.jpg\" alt=\"L'Autista\" width=\"336\" height=\"223\" srcset=\"https:\/\/mirandalovestravelling.com\/media\/2022\/02\/Lisbon-2021-90-336x223.jpg 336w, https:\/\/mirandalovestravelling.com\/media\/2022\/02\/Lisbon-2021-90-768x509.jpg 768w, https:\/\/mirandalovestravelling.com\/media\/2022\/02\/Lisbon-2021-90-1536x1017.jpg 1536w, https:\/\/mirandalovestravelling.com\/media\/2022\/02\/Lisbon-2021-90-2048x1356.jpg 2048w, https:\/\/mirandalovestravelling.com\/media\/2022\/02\/Lisbon-2021-90-scaled.jpg 1920w\" sizes=\"(max-width: 336px) 100vw, 336px\" \/><figcaption id=\"caption-attachment-235026\" class=\"wp-caption-text\">L&#8217;autista<\/figcaption><\/figure>\n<p>Questa zona si trova nella parte occidentale della citt\u00e0 e non \u00e8 ancora una delle principali destinazioni turistiche, quindi abbiamo trvato dei posti a sedere.<\/p>\n<p>Questo tram \u00e8 famoso come attrazione turistica.<\/p>\n<p>La <strong>carrozzeria retr\u00f2<\/strong> degli anni &#8217;30 \u00e8 carina e il percorso comprende le principali destinazioni turistiche come il quartiere dell&#8217;<a href=\"https:\/\/www.lisbona.info\/cosa-vedere-lisbona\/alfama\/\" target=\"_blank\" rel=\"noopener\">Alfama<\/a> e la Cattedrale di Lisbona.<\/p>\n<p>Per questo motivo, su ogni posto \u00e8 scritto che e&#8217; pieno di borseggiatori, quindi fate attenzione.<\/p>\n<figure id=\"attachment_235042\" aria-describedby=\"caption-attachment-235042\" style=\"width: 336px\" class=\"wp-caption alignright\"><img decoding=\"async\" class=\"wp-image-235042 size-mlt-medium\" src=\"https:\/\/mirandalovestravelling.com\/media\/2022\/02\/Lisbon-2021-94-336x223.jpg\" alt=\"Panorama dal Tram 28\" width=\"336\" height=\"223\" srcset=\"https:\/\/mirandalovestravelling.com\/media\/2022\/02\/Lisbon-2021-94-336x223.jpg 336w, https:\/\/mirandalovestravelling.com\/media\/2022\/02\/Lisbon-2021-94-768x509.jpg 768w, https:\/\/mirandalovestravelling.com\/media\/2022\/02\/Lisbon-2021-94-1536x1017.jpg 1536w, https:\/\/mirandalovestravelling.com\/media\/2022\/02\/Lisbon-2021-94-2048x1356.jpg 2048w, https:\/\/mirandalovestravelling.com\/media\/2022\/02\/Lisbon-2021-94-scaled.jpg 1920w\" sizes=\"(max-width: 336px) 100vw, 336px\" \/><figcaption id=\"caption-attachment-235042\" class=\"wp-caption-text\">Il tram 28 passa attraverso diverse attrazioni turistiche di Lisbona<\/figcaption><\/figure>\n<p>Non ho sentito alcun pericolo quando eravamo in servizio, per\u00f2.<\/p>\n<p>Apparentemente, il motivo per cui la vecchia piccola carrozza viene utilizzata per questo percorso \u00e8 che \u00e8 impossibile con una nuova grande perch\u00e9 ci sono molte curve strette, la larghezza della strada \u00e8 stretta e ci sono molti pendii ripidi.<\/p>\n<p>Secondo le informazioni online, il tram n. 28 \u00e8 stato <strong>aperto nel 1914<\/strong>.<\/p>\n<p>Funziona dalle 6:00 alle 23:00 (10:30 nei fine settimana), con intervalli da 10 a 15 minuti.<\/p>\n<figure id=\"attachment_235038\" aria-describedby=\"caption-attachment-235038\" style=\"width: 336px\" class=\"wp-caption alignleft\"><img decoding=\"async\" class=\"wp-image-235038 size-mlt-medium\" src=\"https:\/\/mirandalovestravelling.com\/media\/2022\/02\/Lisbon-2021-93-336x224.jpg\" alt=\"La Cattedrale di Lisbona\" width=\"336\" height=\"224\" srcset=\"https:\/\/mirandalovestravelling.com\/media\/2022\/02\/Lisbon-2021-93-336x224.jpg 336w, https:\/\/mirandalovestravelling.com\/media\/2022\/02\/Lisbon-2021-93-768x512.jpg 768w, https:\/\/mirandalovestravelling.com\/media\/2022\/02\/Lisbon-2021-93-1536x1024.jpg 1536w, https:\/\/mirandalovestravelling.com\/media\/2022\/02\/Lisbon-2021-93-2048x1365.jpg 2048w, https:\/\/mirandalovestravelling.com\/media\/2022\/02\/Lisbon-2021-93-scaled.jpg 1920w\" sizes=\"(max-width: 336px) 100vw, 336px\" \/><figcaption id=\"caption-attachment-235038\" class=\"wp-caption-text\">Siamo arrivati alla Cattedrale di Lisbona<\/figcaption><\/figure>\n<p>Percorre una distanza in linea retta di 7 km in un tempo tra 48 minuti a 1 ora.<\/p>\n<p>Costa \u20ac 3\u00a0per una corsa, quindi \u00e8 una buona idea acquistare il biglietto per corse illimitate sui mezzi pubblici a \u20ac 6,40.<\/p>\n<p>Tuttavia, questi <strong>fantastici biglietti<\/strong> sono venduti solo nelle stazioni della metropolitana.<\/p>\n<p>Non abbiamo comprato questo ottimo biglietto, perch\u00e9 il nostro alloggio era lontano dalle stazioni della metropolitana.<\/p>\n<figure id=\"attachment_235054\" aria-describedby=\"caption-attachment-235054\" style=\"width: 336px\" class=\"wp-caption alignright\"><img decoding=\"async\" class=\"wp-image-235054 size-mlt-medium\" src=\"https:\/\/mirandalovestravelling.com\/media\/2022\/02\/Lisbon-2021-97-336x223.jpg\" alt=\"All'interno del 28 a Lisbona\" width=\"336\" height=\"223\" srcset=\"https:\/\/mirandalovestravelling.com\/media\/2022\/02\/Lisbon-2021-97-336x223.jpg 336w, https:\/\/mirandalovestravelling.com\/media\/2022\/02\/Lisbon-2021-97-768x509.jpg 768w, https:\/\/mirandalovestravelling.com\/media\/2022\/02\/Lisbon-2021-97-1536x1017.jpg 1536w, https:\/\/mirandalovestravelling.com\/media\/2022\/02\/Lisbon-2021-97-2048x1356.jpg 2048w, https:\/\/mirandalovestravelling.com\/media\/2022\/02\/Lisbon-2021-97-scaled.jpg 1920w\" sizes=\"(max-width: 336px) 100vw, 336px\" \/><figcaption id=\"caption-attachment-235054\" class=\"wp-caption-text\">Quando sono scesi i turisti era vuoto<\/figcaption><\/figure>\n<p>Come la funicolare che abbiamo preso il giorno prima, era difficile scattare foto una volta saliti sul tram, e si stava facendo affollato, quindi solo io potevo guardare fuori dal finestrino, ma grazie a questa corsa, sono stata in grado di capire la geografia approssimativa di <strong>Lisbona<\/strong>.<\/p>\n<p>La mappa nella guida era per distretti, quindi era frustrante perch\u00e9 non riuscivo a ottenere il quadro completo.<\/p>\n<figure id=\"attachment_235302\" aria-describedby=\"caption-attachment-235302\" style=\"width: 336px\" class=\"wp-caption alignleft\"><img decoding=\"async\" class=\"wp-image-235302 size-mlt-medium\" src=\"https:\/\/mirandalovestravelling.com\/media\/2022\/02\/Lisbon-2021-159-336x484.jpg\" alt=\"Una via del centro\" width=\"336\" height=\"484\" srcset=\"https:\/\/mirandalovestravelling.com\/media\/2022\/02\/Lisbon-2021-159-336x484.jpg 336w, https:\/\/mirandalovestravelling.com\/media\/2022\/02\/Lisbon-2021-159-768x1106.jpg 768w, https:\/\/mirandalovestravelling.com\/media\/2022\/02\/Lisbon-2021-159-1067x1536.jpg 1067w, https:\/\/mirandalovestravelling.com\/media\/2022\/02\/Lisbon-2021-159-1423x2048.jpg 1423w, https:\/\/mirandalovestravelling.com\/media\/2022\/02\/Lisbon-2021-159-scaled.jpg 1778w\" sizes=\"(max-width: 336px) 100vw, 336px\" \/><figcaption id=\"caption-attachment-235302\" class=\"wp-caption-text\">Alla fine del nosro viaggio in tram<\/figcaption><\/figure>\n<p>Penso che il centro citt\u00e0 attraversato dal tram fosse quasi lo stesso percorso del tour in tuk tuk che abbiamo fatto due anni prima.<\/p>\n<p>Dopo aver superato la localit\u00e0 turistica, <strong>il tram \u00e8 diventato completamente libero<\/strong>.<\/p>\n<p>Insieme a ci\u00f2, lo scenario del finestrino del divenne quello di una citt\u00e0 piena di gente comune.<\/p>\n<p>Inoltre, sembra che siamo entrati in una zona con molti immigrati.<\/p>\n<p>E il punto finale, <strong>Martim Moniz<\/strong>, e&#8217; una zona molto disordinata.<\/p>\n<p>[Dic. 2021]<\/p>\n<p>&nbsp;<\/p>\n","protected":false},"excerpt":{"rendered":"<p>Siamo saliti a bordo del tram n. 28 dalla parte anteriore della Basilica di Estrela a Lisbona, in Portogallo. Questa zona si trova nella parte occidentale della citt\u00e0 e non \u00e8 ancora una delle principali&#8230;<\/p>\n","protected":false},"author":10,"featured_media":235062,"comment_status":"closed","ping_status":"open","sticky":false,"template":"","format":"standard","meta":{"_relevanssi_hide_post":"","_relevanssi_hide_content":"","_relevanssi_pin_for_all":"","_relevanssi_pin_keywords":"","_relevanssi_unpin_keywords":"","_relevanssi_related_keywords":"","_relevanssi_related_include_ids":"","_relevanssi_related_exclude_ids":"","_relevanssi_related_no_append":"","_relevanssi_related_not_related":"","_relevanssi_related_posts":"","_relevanssi_noindex_reason":""},"categories":[763,410],"tags":[],"typology":[],"yoast_head":"<title>Viaggiare sul tram No. 28 a Lisbona dall&#039;inizio alla fine<\/title>\n<meta name=\"description\" content=\"Siamo saliti sul Tram 28 di Lisbona dalla Basilica di Estrela fino all&#039;ultima stazione a ovest della citta&#039;, tragitto lungo ma interessante..\" \/>\n<meta name=\"robots\" content=\"index, follow, max-snippet:-1, max-image-preview:large, max-video-preview:-1\" \/>\n<link rel=\"canonical\" href=\"https:\/\/mirandalovestravelling.com\/it\/wp-json\/wp\/v2\/posts\/237893\" \/>\n<meta property=\"og:locale\" content=\"it_IT\" \/>\n<meta property=\"og:type\" content=\"article\" \/>\n<meta property=\"og:title\" content=\"Viaggiare sul tram No. 28 a Lisbona dall&#039;inizio alla fine\" \/>\n<meta property=\"og:description\" content=\"Siamo saliti sul Tram 28 di Lisbona dalla Basilica di Estrela fino all&#039;ultima stazione a ovest della citta&#039;, tragitto lungo ma interessante..\" \/>\n<meta property=\"og:url\" content=\"https:\/\/mirandalovestravelling.com\/it\/viaggiare-sul-tram-no-28-a-lisbona-dallinizio-alla-fine\/\" \/>\n<meta property=\"og:site_name\" content=\"Miranda Loves Travelling\" \/>\n<meta property=\"article:published_time\" content=\"2022-03-08T09:02:40+00:00\" \/>\n<meta property=\"article:modified_time\" content=\"2022-06-25T09:10:22+00:00\" \/>\n<meta property=\"og:image\" content=\"https:\/\/mirandalovestravelling.com\/media\/2022\/02\/Lisbon-2021-99-scaled.jpg\" \/>\n\t<meta property=\"og:image:width\" content=\"1920\" \/>\n\t<meta property=\"og:image:height\" content=\"1280\" \/>\n\t<meta property=\"og:image:type\" content=\"image\/jpeg\" \/>\n<meta name=\"author\" content=\"Miranda\" \/>\n<meta name=\"twitter:card\" content=\"summary_large_image\" \/>\n<meta name=\"twitter:label1\" content=\"Scritto da\" \/>\n\t<meta name=\"twitter:data1\" content=\"\" \/>\n\t<meta name=\"twitter:label2\" content=\"Tempo di lettura stimato\" \/>\n\t<meta name=\"twitter:data2\" content=\"3 minuti\" \/>\n<script type=\"application\/ld+json\" class=\"yoast-schema-graph\">{\"@context\":\"https:\/\/schema.org\",\"@graph\":[{\"@type\":\"WebPage\",\"@id\":\"https:\/\/mirandalovestravelling.com\/it\/viaggiare-sul-tram-no-28-a-lisbona-dallinizio-alla-fine\/\",\"url\":\"https:\/\/mirandalovestravelling.com\/it\/viaggiare-sul-tram-no-28-a-lisbona-dallinizio-alla-fine\/\",\"name\":\"Viaggiare sul tram No. 28 a Lisbona dall'inizio alla fine\",\"isPartOf\":{\"@id\":\"https:\/\/mirandalovestravelling.com\/it\/#website\"},\"datePublished\":\"2022-03-08T09:02:40+00:00\",\"dateModified\":\"2022-06-25T09:10:22+00:00\",\"author\":{\"@id\":\"https:\/\/mirandalovestravelling.com\/it\/#\/schema\/person\/87298ef6c6b6c2d9f8cbd1d0850c2ac8\"},\"description\":\"Siamo saliti sul Tram 28 di Lisbona dalla Basilica di Estrela fino all'ultima stazione a ovest della citta', tragitto lungo ma interessante..\",\"breadcrumb\":{\"@id\":\"https:\/\/mirandalovestravelling.com\/it\/viaggiare-sul-tram-no-28-a-lisbona-dallinizio-alla-fine\/#breadcrumb\"},\"inLanguage\":\"it-IT\",\"potentialAction\":[{\"@type\":\"ReadAction\",\"target\":[\"https:\/\/mirandalovestravelling.com\/it\/viaggiare-sul-tram-no-28-a-lisbona-dallinizio-alla-fine\/\"]}]},{\"@type\":\"BreadcrumbList\",\"@id\":\"https:\/\/mirandalovestravelling.com\/it\/viaggiare-sul-tram-no-28-a-lisbona-dallinizio-alla-fine\/#breadcrumb\",\"itemListElement\":[{\"@type\":\"ListItem\",\"position\":1,\"name\":\"Home\",\"item\":\"https:\/\/mirandalovestravelling.com\/it\/\"},{\"@type\":\"ListItem\",\"position\":2,\"name\":\"Portogallo\",\"item\":\"https:\/\/mirandalovestravelling.com\/it\/location\/portogallo\/\"},{\"@type\":\"ListItem\",\"position\":3,\"name\":\"Lisbona\",\"item\":\"https:\/\/mirandalovestravelling.com\/it\/location\/portogallo\/lisbona\/\"},{\"@type\":\"ListItem\",\"position\":4,\"name\":\"Viaggiare sul tram No. 28 a Lisbona dall&#8217;inizio alla fine\"}]},{\"@type\":\"WebSite\",\"@id\":\"https:\/\/mirandalovestravelling.com\/it\/#website\",\"url\":\"https:\/\/mirandalovestravelling.com\/it\/\",\"name\":\"Miranda Loves Travelling\",\"description\":\"My Travel Diary\",\"potentialAction\":[{\"@type\":\"SearchAction\",\"target\":{\"@type\":\"EntryPoint\",\"urlTemplate\":\"https:\/\/mirandalovestravelling.com\/it\/?s={search_term_string}\"},\"query-input\":\"required name=search_term_string\"}],\"inLanguage\":\"it-IT\"},{\"@type\":\"Person\",\"@id\":\"https:\/\/mirandalovestravelling.com\/it\/#\/schema\/person\/87298ef6c6b6c2d9f8cbd1d0850c2ac8\",\"name\":\"Miranda\",\"image\":{\"@type\":\"ImageObject\",\"inLanguage\":\"it-IT\",\"@id\":\"https:\/\/mirandalovestravelling.com\/it\/#\/schema\/person\/image\/\",\"url\":\"https:\/\/secure.gravatar.com\/avatar\/979d7e5ee6a879380bc5301d98046c08?s=96&r=g\",\"contentUrl\":\"https:\/\/secure.gravatar.com\/avatar\/979d7e5ee6a879380bc5301d98046c08?s=96&r=g\",\"caption\":\"Miranda\"},\"description\":\"We are a couple who love travelling all over the world. Walking in the unknown towns, taking photos and eating local foods are the purpose of our life. When we are not travelling, we are always planning for the next journeys.\"}]}<\/script>","yoast_head_json":{"title":"Viaggiare sul tram No. 28 a Lisbona dall'inizio alla fine","description":"Siamo saliti sul Tram 28 di Lisbona dalla Basilica di Estrela fino all'ultima stazione a ovest della citta', tragitto lungo ma interessante..","robots":{"index":"index","follow":"follow","max-snippet":"max-snippet:-1","max-image-preview":"max-image-preview:large","max-video-preview":"max-video-preview:-1"},"canonical":"https:\/\/mirandalovestravelling.com\/it\/wp-json\/wp\/v2\/posts\/237893","og_locale":"it_IT","og_type":"article","og_title":"Viaggiare sul tram No. 28 a Lisbona dall'inizio alla fine","og_description":"Siamo saliti sul Tram 28 di Lisbona dalla Basilica di Estrela fino all'ultima stazione a ovest della citta', tragitto lungo ma interessante..","og_url":"https:\/\/mirandalovestravelling.com\/it\/viaggiare-sul-tram-no-28-a-lisbona-dallinizio-alla-fine\/","og_site_name":"Miranda Loves Travelling","article_published_time":"2022-03-08T09:02:40+00:00","article_modified_time":"2022-06-25T09:10:22+00:00","og_image":[{"width":1920,"height":1280,"url":"https:\/\/mirandalovestravelling.com\/media\/2022\/02\/Lisbon-2021-99-scaled.jpg","type":"image\/jpeg"}],"author":"Miranda","twitter_card":"summary_large_image","twitter_misc":{"Scritto da":false,"Tempo di lettura stimato":"3 minuti"},"schema":{"@context":"https:\/\/schema.org","@graph":[{"@type":"WebPage","@id":"https:\/\/mirandalovestravelling.com\/it\/viaggiare-sul-tram-no-28-a-lisbona-dallinizio-alla-fine\/","url":"https:\/\/mirandalovestravelling.com\/it\/viaggiare-sul-tram-no-28-a-lisbona-dallinizio-alla-fine\/","name":"Viaggiare sul tram No. 28 a Lisbona dall'inizio alla fine","isPartOf":{"@id":"https:\/\/mirandalovestravelling.com\/it\/#website"},"datePublished":"2022-03-08T09:02:40+00:00","dateModified":"2022-06-25T09:10:22+00:00","author":{"@id":"https:\/\/mirandalovestravelling.com\/it\/#\/schema\/person\/87298ef6c6b6c2d9f8cbd1d0850c2ac8"},"description":"Siamo saliti sul Tram 28 di Lisbona dalla Basilica di Estrela fino all'ultima stazione a ovest della citta', tragitto lungo ma interessante..","breadcrumb":{"@id":"https:\/\/mirandalovestravelling.com\/it\/viaggiare-sul-tram-no-28-a-lisbona-dallinizio-alla-fine\/#breadcrumb"},"inLanguage":"it-IT","potentialAction":[{"@type":"ReadAction","target":["https:\/\/mirandalovestravelling.com\/it\/viaggiare-sul-tram-no-28-a-lisbona-dallinizio-alla-fine\/"]}]},{"@type":"BreadcrumbList","@id":"https:\/\/mirandalovestravelling.com\/it\/viaggiare-sul-tram-no-28-a-lisbona-dallinizio-alla-fine\/#breadcrumb","itemListElement":[{"@type":"ListItem","position":1,"name":"Home","item":"https:\/\/mirandalovestravelling.com\/it\/"},{"@type":"ListItem","position":2,"name":"Portogallo","item":"https:\/\/mirandalovestravelling.com\/it\/location\/portogallo\/"},{"@type":"ListItem","position":3,"name":"Lisbona","item":"https:\/\/mirandalovestravelling.com\/it\/location\/portogallo\/lisbona\/"},{"@type":"ListItem","position":4,"name":"Viaggiare sul tram No. 28 a Lisbona dall&#8217;inizio alla fine"}]},{"@type":"WebSite","@id":"https:\/\/mirandalovestravelling.com\/it\/#website","url":"https:\/\/mirandalovestravelling.com\/it\/","name":"Miranda Loves Travelling","description":"My Travel Diary","potentialAction":[{"@type":"SearchAction","target":{"@type":"EntryPoint","urlTemplate":"https:\/\/mirandalovestravelling.com\/it\/?s={search_term_string}"},"query-input":"required name=search_term_string"}],"inLanguage":"it-IT"},{"@type":"Person","@id":"https:\/\/mirandalovestravelling.com\/it\/#\/schema\/person\/87298ef6c6b6c2d9f8cbd1d0850c2ac8","name":"Miranda","image":{"@type":"ImageObject","inLanguage":"it-IT","@id":"https:\/\/mirandalovestravelling.com\/it\/#\/schema\/person\/image\/","url":"https:\/\/secure.gravatar.com\/avatar\/979d7e5ee6a879380bc5301d98046c08?s=96&r=g","contentUrl":"https:\/\/secure.gravatar.com\/avatar\/979d7e5ee6a879380bc5301d98046c08?s=96&r=g","caption":"Miranda"},"description":"We are a couple who love travelling all over the world. Walking in the unknown towns, taking photos and eating local foods are the purpose of our life. When we are not travelling, we are always planning for the next journeys."}]}},"_links":{"self":[{"href":"https:\/\/mirandalovestravelling.com\/it\/wp-json\/wp\/v2\/posts\/237893"}],"collection":[{"href":"https:\/\/mirandalovestravelling.com\/it\/wp-json\/wp\/v2\/posts"}],"about":[{"href":"https:\/\/mirandalovestravelling.com\/it\/wp-json\/wp\/v2\/types\/post"}],"author":[{"embeddable":true,"href":"https:\/\/mirandalovestravelling.com\/it\/wp-json\/wp\/v2\/users\/10"}],"replies":[{"embeddable":true,"href":"https:\/\/mirandalovestravelling.com\/it\/wp-json\/wp\/v2\/comments?post=237893"}],"version-history":[{"count":0,"href":"https:\/\/mirandalovestravelling.com\/it\/wp-json\/wp\/v2\/posts\/237893\/revisions"}],"wp:featuredmedia":[{"embeddable":true,"href":"https:\/\/mirandalovestravelling.com\/it\/wp-json\/wp\/v2\/media\/235062"}],"wp:attachment":[{"href":"https:\/\/mirandalovestravelling.com\/it\/wp-json\/wp\/v2\/media?parent=237893"}],"wp:term":[{"taxonomy":"category","embeddable":true,"href":"https:\/\/mirandalovestravelling.com\/it\/wp-json\/wp\/v2\/categories?post=237893"},{"taxonomy":"post_tag","embeddable":true,"href":"https:\/\/mirandalovestravelling.com\/it\/wp-json\/wp\/v2\/tags?post=237893"},{"taxonomy":"typology","embeddable":true,"href":"https:\/\/mirandalovestravelling.com\/it\/wp-json\/wp\/v2\/typology?post=237893"}],"curies":[{"name":"wp","href":"https:\/\/api.w.org\/{rel}","templated":true}]}}