{"id":28784,"date":"2012-10-22T19:00:00","date_gmt":"2012-10-22T19:00:00","guid":{"rendered":""},"modified":"2020-11-22T16:58:59","modified_gmt":"2020-11-22T16:58:59","slug":"italia-lago-di-garda-salo-mussolini","status":"publish","type":"post","link":"https:\/\/mirandalovestravelling.com\/it\/italia-lago-di-garda-salo-mussolini\/","title":{"rendered":"Sal\u00f2 l&#8217;ultima fortezza di Mussolini"},"content":{"rendered":"<p><span style=\"font-family: Arial;\">[Settembre 2012] Un mio amico \u00e8 venuto a farmi visita e insieme siamo andati al<strong> Lago di Garda <\/strong>in <a href=\"https:\/\/mirandalovestravelling.com\/it\/location\/italia\/\">Italia<\/a>.<br \/>\nQuesta volta siamo stati sulla sponda occidentale del lago e abbiamo pranzato a Sal\u00f2.<br \/>\nQuesta \u00e8 un\u2019altra localit\u00e0 turistica dove rilassarsi come le altre sul lago, ma questa \u00e8 la citt\u00e0 dove nelle ultime fasi della seconda guerra mondiale, Mussolini institu\u00ec uno stato chiamato <strong>Repubblica Socialista Italiana<\/strong>.<br \/>\nDopo che gli alleati sbarcarono in Italia, egli fu arrestato, ma le truppe tedesche lo salvarono e lui istitu\u00ec il nuovo governo qui.<br \/>\nGiappone e Germania accettarono questo nuovo paese, ma non gli altri paesi e, quando la Germania perse la guerra, fin\u00ec anche la storia di questo piccolo stato.<br \/>\nAnche se il depliant che abbiamo preso all\u2019ufficio turistico non dice molto riguardo questo evento.<\/span><\/p>\n<p><span style=\"font-family: Arial;\">Comunque, non so se le due cose siano connesse, ma ci sono numerosi tedeschi sul <strong>Lago di Garda<\/strong>.<br \/>\nA loro piace trascorrere le vacanze qui.<br \/>\nTanto che i nomi degli hotel e dei ristoranti spesso hanno una pronuncia tedesca. <\/span><\/p>\n","protected":false},"excerpt":{"rendered":"<p>[Settembre 2012] Un mio amico \u00e8 venuto a farmi visita e insieme siamo andati al Lago di Garda in Italia. Questa volta siamo stati sulla sponda occidentale del lago e abbiamo pranzato a Sal\u00f2. Questa&#8230;<\/p>\n","protected":false},"author":11,"featured_media":93710,"comment_status":"open","ping_status":"open","sticky":false,"template":"","format":"standard","meta":{"_relevanssi_hide_post":"","_relevanssi_hide_content":"","_relevanssi_pin_for_all":"","_relevanssi_pin_keywords":"","_relevanssi_unpin_keywords":"","_relevanssi_related_keywords":"","_relevanssi_related_include_ids":"","_relevanssi_related_exclude_ids":"","_relevanssi_related_no_append":"","_relevanssi_related_not_related":"","_relevanssi_related_posts":"","_relevanssi_noindex_reason":""},"categories":[398,834],"tags":[],"typology":[],"yoast_head":"<title>Sal\u00f2 l&#039;ultima fortezza di Mussolini<\/title>\n<meta name=\"description\" content=\"Un mio amico \u00e8 venuto a farmi visita e insieme siamo andati al Lago di Garda in Italia. Questa volta siamo stati sulla sponda occidentale del lago e\" \/>\n<meta name=\"robots\" content=\"index, follow, max-snippet:-1, max-image-preview:large, max-video-preview:-1\" \/>\n<link rel=\"canonical\" href=\"https:\/\/mirandalovestravelling.com\/it\/wp-json\/wp\/v2\/posts\/28784\" \/>\n<meta property=\"og:locale\" content=\"it_IT\" \/>\n<meta property=\"og:type\" content=\"article\" \/>\n<meta property=\"og:title\" content=\"Sal\u00f2 l&#039;ultima fortezza di Mussolini\" \/>\n<meta property=\"og:description\" content=\"Un mio amico \u00e8 venuto a farmi visita e insieme siamo andati al Lago di Garda in Italia. Questa volta siamo stati sulla sponda occidentale del lago e\" \/>\n<meta property=\"og:url\" content=\"https:\/\/mirandalovestravelling.com\/it\/italia-lago-di-garda-salo-mussolini\/\" \/>\n<meta property=\"og:site_name\" content=\"Miranda Loves Travelling\" \/>\n<meta property=\"article:published_time\" content=\"2012-10-22T19:00:00+00:00\" \/>\n<meta property=\"article:modified_time\" content=\"2020-11-22T16:58:59+00:00\" \/>\n<meta property=\"og:image\" content=\"https:\/\/mirandalovestravelling.com\/media\/2016\/08\/Lake-Garda-September-065.jpg\" \/>\n\t<meta property=\"og:image:width\" content=\"1000\" \/>\n\t<meta property=\"og:image:height\" content=\"671\" \/>\n\t<meta property=\"og:image:type\" content=\"image\/jpeg\" \/>\n<meta name=\"author\" content=\"Miranda\" \/>\n<meta name=\"twitter:card\" content=\"summary_large_image\" \/>\n<meta name=\"twitter:label1\" content=\"Scritto da\" \/>\n\t<meta name=\"twitter:data1\" content=\"\" \/>\n\t<meta name=\"twitter:label2\" content=\"Tempo di lettura stimato\" \/>\n\t<meta name=\"twitter:data2\" content=\"1 minuto\" \/>\n<script type=\"application\/ld+json\" class=\"yoast-schema-graph\">{\"@context\":\"https:\/\/schema.org\",\"@graph\":[{\"@type\":\"WebPage\",\"@id\":\"https:\/\/mirandalovestravelling.com\/it\/italia-lago-di-garda-salo-mussolini\/\",\"url\":\"https:\/\/mirandalovestravelling.com\/it\/italia-lago-di-garda-salo-mussolini\/\",\"name\":\"Sal\u00f2 l'ultima fortezza di Mussolini\",\"isPartOf\":{\"@id\":\"https:\/\/mirandalovestravelling.com\/it\/#website\"},\"datePublished\":\"2012-10-22T19:00:00+00:00\",\"dateModified\":\"2020-11-22T16:58:59+00:00\",\"author\":{\"@id\":\"https:\/\/mirandalovestravelling.com\/it\/#\/schema\/person\/cd44a395321ccb8220a349214e003686\"},\"description\":\"Un mio amico \u00e8 venuto a farmi visita e insieme siamo andati al Lago di Garda in Italia. Questa volta siamo stati sulla sponda occidentale del lago e\",\"breadcrumb\":{\"@id\":\"https:\/\/mirandalovestravelling.com\/it\/italia-lago-di-garda-salo-mussolini\/#breadcrumb\"},\"inLanguage\":\"it-IT\",\"potentialAction\":[{\"@type\":\"ReadAction\",\"target\":[\"https:\/\/mirandalovestravelling.com\/it\/italia-lago-di-garda-salo-mussolini\/\"]}]},{\"@type\":\"BreadcrumbList\",\"@id\":\"https:\/\/mirandalovestravelling.com\/it\/italia-lago-di-garda-salo-mussolini\/#breadcrumb\",\"itemListElement\":[{\"@type\":\"ListItem\",\"position\":1,\"name\":\"Home\",\"item\":\"https:\/\/mirandalovestravelling.com\/it\/\"},{\"@type\":\"ListItem\",\"position\":2,\"name\":\"Italia\",\"item\":\"https:\/\/mirandalovestravelling.com\/it\/location\/italia\/\"},{\"@type\":\"ListItem\",\"position\":3,\"name\":\"Lombardia\",\"item\":\"https:\/\/mirandalovestravelling.com\/it\/location\/italia\/lombardia\/\"},{\"@type\":\"ListItem\",\"position\":4,\"name\":\"Sal\u00f2 l&#8217;ultima fortezza di Mussolini\"}]},{\"@type\":\"WebSite\",\"@id\":\"https:\/\/mirandalovestravelling.com\/it\/#website\",\"url\":\"https:\/\/mirandalovestravelling.com\/it\/\",\"name\":\"Miranda Loves Travelling\",\"description\":\"My Travel Diary\",\"potentialAction\":[{\"@type\":\"SearchAction\",\"target\":{\"@type\":\"EntryPoint\",\"urlTemplate\":\"https:\/\/mirandalovestravelling.com\/it\/?s={search_term_string}\"},\"query-input\":\"required name=search_term_string\"}],\"inLanguage\":\"it-IT\"},{\"@type\":\"Person\",\"@id\":\"https:\/\/mirandalovestravelling.com\/it\/#\/schema\/person\/cd44a395321ccb8220a349214e003686\",\"name\":\"Miranda\",\"image\":{\"@type\":\"ImageObject\",\"inLanguage\":\"it-IT\",\"@id\":\"https:\/\/mirandalovestravelling.com\/it\/#\/schema\/person\/image\/\",\"url\":\"https:\/\/secure.gravatar.com\/avatar\/2020e5ef75dc730a8fbc1b656ea876e7?s=96&r=g\",\"contentUrl\":\"https:\/\/secure.gravatar.com\/avatar\/2020e5ef75dc730a8fbc1b656ea876e7?s=96&r=g\",\"caption\":\"Miranda\"},\"description\":\"We are a couple who love travelling all over the world. Walking in the unknown towns, taking photos and eating local foods are the purpose of our life. When we are not travelling, we are always planning for the next journeys.\",\"sameAs\":[\"https:\/\/mirandalovestravelling.com\"]}]}<\/script>","yoast_head_json":{"title":"Sal\u00f2 l'ultima fortezza di Mussolini","description":"Un mio amico \u00e8 venuto a farmi visita e insieme siamo andati al Lago di Garda in Italia. Questa volta siamo stati sulla sponda occidentale del lago e","robots":{"index":"index","follow":"follow","max-snippet":"max-snippet:-1","max-image-preview":"max-image-preview:large","max-video-preview":"max-video-preview:-1"},"canonical":"https:\/\/mirandalovestravelling.com\/it\/wp-json\/wp\/v2\/posts\/28784","og_locale":"it_IT","og_type":"article","og_title":"Sal\u00f2 l'ultima fortezza di Mussolini","og_description":"Un mio amico \u00e8 venuto a farmi visita e insieme siamo andati al Lago di Garda in Italia. Questa volta siamo stati sulla sponda occidentale del lago e","og_url":"https:\/\/mirandalovestravelling.com\/it\/italia-lago-di-garda-salo-mussolini\/","og_site_name":"Miranda Loves Travelling","article_published_time":"2012-10-22T19:00:00+00:00","article_modified_time":"2020-11-22T16:58:59+00:00","og_image":[{"width":1000,"height":671,"url":"https:\/\/mirandalovestravelling.com\/media\/2016\/08\/Lake-Garda-September-065.jpg","type":"image\/jpeg"}],"author":"Miranda","twitter_card":"summary_large_image","twitter_misc":{"Scritto da":false,"Tempo di lettura stimato":"1 minuto"},"schema":{"@context":"https:\/\/schema.org","@graph":[{"@type":"WebPage","@id":"https:\/\/mirandalovestravelling.com\/it\/italia-lago-di-garda-salo-mussolini\/","url":"https:\/\/mirandalovestravelling.com\/it\/italia-lago-di-garda-salo-mussolini\/","name":"Sal\u00f2 l'ultima fortezza di Mussolini","isPartOf":{"@id":"https:\/\/mirandalovestravelling.com\/it\/#website"},"datePublished":"2012-10-22T19:00:00+00:00","dateModified":"2020-11-22T16:58:59+00:00","author":{"@id":"https:\/\/mirandalovestravelling.com\/it\/#\/schema\/person\/cd44a395321ccb8220a349214e003686"},"description":"Un mio amico \u00e8 venuto a farmi visita e insieme siamo andati al Lago di Garda in Italia. Questa volta siamo stati sulla sponda occidentale del lago e","breadcrumb":{"@id":"https:\/\/mirandalovestravelling.com\/it\/italia-lago-di-garda-salo-mussolini\/#breadcrumb"},"inLanguage":"it-IT","potentialAction":[{"@type":"ReadAction","target":["https:\/\/mirandalovestravelling.com\/it\/italia-lago-di-garda-salo-mussolini\/"]}]},{"@type":"BreadcrumbList","@id":"https:\/\/mirandalovestravelling.com\/it\/italia-lago-di-garda-salo-mussolini\/#breadcrumb","itemListElement":[{"@type":"ListItem","position":1,"name":"Home","item":"https:\/\/mirandalovestravelling.com\/it\/"},{"@type":"ListItem","position":2,"name":"Italia","item":"https:\/\/mirandalovestravelling.com\/it\/location\/italia\/"},{"@type":"ListItem","position":3,"name":"Lombardia","item":"https:\/\/mirandalovestravelling.com\/it\/location\/italia\/lombardia\/"},{"@type":"ListItem","position":4,"name":"Sal\u00f2 l&#8217;ultima fortezza di Mussolini"}]},{"@type":"WebSite","@id":"https:\/\/mirandalovestravelling.com\/it\/#website","url":"https:\/\/mirandalovestravelling.com\/it\/","name":"Miranda Loves Travelling","description":"My Travel Diary","potentialAction":[{"@type":"SearchAction","target":{"@type":"EntryPoint","urlTemplate":"https:\/\/mirandalovestravelling.com\/it\/?s={search_term_string}"},"query-input":"required name=search_term_string"}],"inLanguage":"it-IT"},{"@type":"Person","@id":"https:\/\/mirandalovestravelling.com\/it\/#\/schema\/person\/cd44a395321ccb8220a349214e003686","name":"Miranda","image":{"@type":"ImageObject","inLanguage":"it-IT","@id":"https:\/\/mirandalovestravelling.com\/it\/#\/schema\/person\/image\/","url":"https:\/\/secure.gravatar.com\/avatar\/2020e5ef75dc730a8fbc1b656ea876e7?s=96&r=g","contentUrl":"https:\/\/secure.gravatar.com\/avatar\/2020e5ef75dc730a8fbc1b656ea876e7?s=96&r=g","caption":"Miranda"},"description":"We are a couple who love travelling all over the world. Walking in the unknown towns, taking photos and eating local foods are the purpose of our life. When we are not travelling, we are always planning for the next journeys.","sameAs":["https:\/\/mirandalovestravelling.com"]}]}},"_links":{"self":[{"href":"https:\/\/mirandalovestravelling.com\/it\/wp-json\/wp\/v2\/posts\/28784"}],"collection":[{"href":"https:\/\/mirandalovestravelling.com\/it\/wp-json\/wp\/v2\/posts"}],"about":[{"href":"https:\/\/mirandalovestravelling.com\/it\/wp-json\/wp\/v2\/types\/post"}],"author":[{"embeddable":true,"href":"https:\/\/mirandalovestravelling.com\/it\/wp-json\/wp\/v2\/users\/11"}],"replies":[{"embeddable":true,"href":"https:\/\/mirandalovestravelling.com\/it\/wp-json\/wp\/v2\/comments?post=28784"}],"version-history":[{"count":0,"href":"https:\/\/mirandalovestravelling.com\/it\/wp-json\/wp\/v2\/posts\/28784\/revisions"}],"wp:featuredmedia":[{"embeddable":true,"href":"https:\/\/mirandalovestravelling.com\/it\/wp-json\/wp\/v2\/media\/93710"}],"wp:attachment":[{"href":"https:\/\/mirandalovestravelling.com\/it\/wp-json\/wp\/v2\/media?parent=28784"}],"wp:term":[{"taxonomy":"category","embeddable":true,"href":"https:\/\/mirandalovestravelling.com\/it\/wp-json\/wp\/v2\/categories?post=28784"},{"taxonomy":"post_tag","embeddable":true,"href":"https:\/\/mirandalovestravelling.com\/it\/wp-json\/wp\/v2\/tags?post=28784"},{"taxonomy":"typology","embeddable":true,"href":"https:\/\/mirandalovestravelling.com\/it\/wp-json\/wp\/v2\/typology?post=28784"}],"curies":[{"name":"wp","href":"https:\/\/api.w.org\/{rel}","templated":true}]}}